{"id":101508,"date":"2012-08-31T00:10:29","date_gmt":"2012-08-31T00:10:29","guid":{"rendered":"http:\/\/www.fuldaer-nachrichten.de\/?p=101508"},"modified":"2012-08-30T15:15:57","modified_gmt":"2012-08-30T15:15:57","slug":"nicola-karnie-latzko-aus-flieden-ist-kandidatin-beim-grosen-hessenquiz","status":"publish","type":"post","link":"https:\/\/www.fuldaernachrichten.de\/?p=101508","title":{"rendered":"Nicola Karnie-Latzko aus Flieden ist Kandidatin beim gro\u00dfen \u201eHessenquiz\u201c"},"content":{"rendered":"<p><a href=\"http:\/\/www.fuldaer-nachrichten.de\/wp-content\/uploads\/2012\/08\/Hessenquiz_Nicola_Karnie-Latzko.jpg\"><img fetchpriority=\"high\" decoding=\"async\" class=\"alignleft size-thumbnail wp-image-101509\" title=\"Hessenquiz_Nicola_Karnie-Latzko\" src=\"http:\/\/www.fuldaer-nachrichten.de\/wp-content\/uploads\/2012\/08\/Hessenquiz_Nicola_Karnie-Latzko-265x191.jpg\" alt=\"\" width=\"265\" height=\"191\" srcset=\"https:\/\/www.fuldaernachrichten.de\/wp-content\/uploads\/2012\/08\/Hessenquiz_Nicola_Karnie-Latzko-265x191.jpg 265w, https:\/\/www.fuldaernachrichten.de\/wp-content\/uploads\/2012\/08\/Hessenquiz_Nicola_Karnie-Latzko.jpg 600w\" sizes=\"(max-width: 265px) 100vw, 265px\" \/><\/a>Frankfurt. Gro\u00dfer TV-Auftritt f\u00fcr Nicola Karnie-Latzko aus Flieden im hr-fernsehen: Die 40-J\u00e4hrige ist am Sonntag, 2. September, um 22.00 Uhr Kandidatin im gro\u00dfen \u201eHessenquiz\u201c mit J\u00f6rg Bombach. Sie und drei weitere Mitspieler m\u00fcssen knifflige Fragen rund um das Bundesland Hessen beantworten. Die Sendung wurde im Dezember im Funkhaus am Dornbusch in Frankfurt aufgezeichnet.<!--more--><br \/>\nNicola Karnie-Latzko ist seit 15 Jahren verheiratet und hat zwei Kinder. Die gelernte Krankenschwester ist als Betreuerin in einer Grundschule t\u00e4tig. In ihrer Freizeit tanzt die 40-J\u00e4hrige Line Dance und fiebert als Fan f\u00fcr ihren Fu\u00dfballverein Bayern M\u00fcnchen.<\/p>\n<p>Vier Kandidaten treten im \u201eHessenquiz\u201c gegeneinander an. In drei Spielrunden stellt J\u00f6rg Bombach Fragen aus den Rubriken \u201eMacht &amp; Macher\u201c, \u201eVergissmeinnicht\u201c, \u201eKlatsch &amp; Leute\u201c und \u201eStadt\/Land\/Fluss\u201c. Au\u00dferdem m\u00fcssen die Mitspieler Tierger\u00e4usche erkennen und fit in hessischen Dialekten sein. F\u00fcr schwere Fragen gibt es einen Publikumsjoker. Au\u00dferdem k\u00f6nnen die Kandidaten einen Risikojoker ziehen, mit dem sie die gestellte Aufgabe f\u00fcr sich allein reservieren. Nach jeder Runde scheidet ein Kandidat aus, der Sieger steht nach drei Durchg\u00e4ngen fest. Die Fernsehzuschauer k\u00f6nnen im hr-text (Seite 800) w\u00e4hrend der Sendung mitspielen und ihr eigenes Wissen testen.<\/p>\n<p>Auch als Zuschauer kann man beim \u201eHessenquiz\u201c mit dabei sein. Unter der Ticket-Hotline 069 \/ 155 2000 k\u00f6nnen Karten f\u00fcr die neuen Folgen reserviert werden.<\/p>\n","protected":false},"excerpt":{"rendered":"<div class=\"tmnf_excerpt\"><p>Frankfurt. Gro\u00dfer TV-Auftritt f\u00fcr Nicola Karnie-Latzko aus Flieden im hr-fernsehen: Die 40-J\u00e4hrige ist am Sonntag, 2. September, um 22.00 Uhr Kandidatin im gro\u00dfen \u201eHessenquiz\u201c mit J\u00f6rg Bombach. Sie und drei weitere Mitspieler m\u00fcssen knifflige Fragen rund um das Bundesland Hessen beantworten. Die Sendung wurde im Dezember im Funkhaus am Dornbusch in Frankfurt aufgezeichnet.<\/p>\n<\/div>","protected":false},"author":1,"featured_media":0,"comment_status":"closed","ping_status":"closed","sticky":false,"template":"","format":"standard","meta":{"footnotes":""},"categories":[1,44],"tags":[],"class_list":["post-101508","post","type-post","status-publish","format-standard","hentry","category-startseite","category-kultur"],"_links":{"self":[{"href":"https:\/\/www.fuldaernachrichten.de\/index.php?rest_route=\/wp\/v2\/posts\/101508","targetHints":{"allow":["GET"]}}],"collection":[{"href":"https:\/\/www.fuldaernachrichten.de\/index.php?rest_route=\/wp\/v2\/posts"}],"about":[{"href":"https:\/\/www.fuldaernachrichten.de\/index.php?rest_route=\/wp\/v2\/types\/post"}],"author":[{"embeddable":true,"href":"https:\/\/www.fuldaernachrichten.de\/index.php?rest_route=\/wp\/v2\/users\/1"}],"replies":[{"embeddable":true,"href":"https:\/\/www.fuldaernachrichten.de\/index.php?rest_route=%2Fwp%2Fv2%2Fcomments&post=101508"}],"version-history":[{"count":1,"href":"https:\/\/www.fuldaernachrichten.de\/index.php?rest_route=\/wp\/v2\/posts\/101508\/revisions"}],"predecessor-version":[{"id":101510,"href":"https:\/\/www.fuldaernachrichten.de\/index.php?rest_route=\/wp\/v2\/posts\/101508\/revisions\/101510"}],"wp:attachment":[{"href":"https:\/\/www.fuldaernachrichten.de\/index.php?rest_route=%2Fwp%2Fv2%2Fmedia&parent=101508"}],"wp:term":[{"taxonomy":"category","embeddable":true,"href":"https:\/\/www.fuldaernachrichten.de\/index.php?rest_route=%2Fwp%2Fv2%2Fcategories&post=101508"},{"taxonomy":"post_tag","embeddable":true,"href":"https:\/\/www.fuldaernachrichten.de\/index.php?rest_route=%2Fwp%2Fv2%2Ftags&post=101508"}],"curies":[{"name":"wp","href":"https:\/\/api.w.org\/{rel}","templated":true}]}}