{"id":101493,"date":"2012-08-31T00:20:53","date_gmt":"2012-08-31T00:20:53","guid":{"rendered":"http:\/\/www.fuldaer-nachrichten.de\/?p=101493"},"modified":"2012-08-30T11:38:12","modified_gmt":"2012-08-30T11:38:12","slug":"volkswagen-zentrum-fulda-eroffnet-neuen-gebrauchtwagen-pavillon","status":"publish","type":"post","link":"https:\/\/www.fuldaernachrichten.de\/?p=101493","title":{"rendered":"Volkswagen Zentrum Fulda er\u00f6ffnet neuen Gebrauchtwagen-Pavillon"},"content":{"rendered":"<p><a href=\"http:\/\/www.fuldaer-nachrichten.de\/wp-content\/uploads\/2012\/08\/GW_Haeuschen.jpg\"><img decoding=\"async\" class=\"alignleft size-thumbnail wp-image-101494\" title=\"GW_Haeuschen\" src=\"http:\/\/www.fuldaer-nachrichten.de\/wp-content\/uploads\/2012\/08\/GW_Haeuschen-265x176.jpg\" alt=\"\" width=\"265\" height=\"176\" srcset=\"https:\/\/www.fuldaernachrichten.de\/wp-content\/uploads\/2012\/08\/GW_Haeuschen-265x176.jpg 265w, https:\/\/www.fuldaernachrichten.de\/wp-content\/uploads\/2012\/08\/GW_Haeuschen.jpg 592w\" sizes=\"(max-width: 265px) 100vw, 265px\" \/><\/a>Fulda. Das Volkswagen Zentrum Fulda hat den L\u00fcckenschluss vollzogen. Mit der Er\u00f6ffnung des neuen Pavillons &#8220;<strong>Das WeltAuto<\/strong>\u201c \u2013 in unmittelbarer N\u00e4he zur Ausstellungsterrasse f\u00fcr top-gepflegte Gebrauchtwagenfahrzeuge \u2013 hat der Wolfsburger Autobauer sein Vertrauen in die atzert:weber Gruppe erneut untermauert. &#8220;Im Marktgebiet Fulda sind wir der einzige Partner f\u00fcr die Gebrauchtwagensparte \u201e<strong>Das WeltAuto<\/strong>\u201c mit dem die Volkswagen AG h\u00f6chste Qualit\u00e4tsmerkmale f\u00fcr Verkauf und Service von gebrauchten Fahrzeugen aller Marken festgelegt hat&#8221;, erl\u00e4utern Gesch\u00e4ftsf\u00fchrer Werner Atzert und Verkaufsleiter Gerhard Wiegand die hohen Standards, die sich hinter der Bezeichnung verbergen. <!--more--><\/p>\n<p>Diese Auszeichnung und die Neuer\u00f6ffnung eines eigens eingerichteten modernen Verkaufspavillons nimmt der Fuldaer VW-Partner zum Anlass f\u00fcr &#8220;Gebrauchtwagenwochen&#8221;, die am 1. September beginnen. \u201eF\u00fcr einen Gebrauchtwagenkauf beim Fachh\u00e4ndler sprechen handfeste Argumente. Im Gegensatz zum Privatmarkt kann der K\u00e4ufer hier sicher sein, dass das Fahrzeug qualitativ hochwertig ist\u201c, nennen die Experten die Vorz\u00fcge.<\/p>\n<p>Den Kunden erwarten Fahrzeuge in bestem Zustand, ein umfangreiches Serviceangebot und spezielle Qualit\u00e4tschecks seines gebrauchten Wunschfahrzeugs. &#8220;Mit der Marke <strong>\u201eDas WeltAuto\u201c<\/strong> garantieren wir unseren Kunden nicht nur den in der atzert:weber Gruppe \u00fcblichen hohen Standard an Service und Qualit\u00e4t, wir bieten ein deutlich erweitertes Paket an. Die 12-monatige Gebrauchtwagengarantie \u201eCarGarantie Comfort\u201c beispielsweise, die wir gemeinsam mit dem Garantiespezialisten CarGarantie aufgelegt haben, bietet dem Autobesitzer enorme Vorteile. Sie macht f\u00fcr ihn den Autokauf kalkulierbar. Die Garantie sch\u00fctzt den Fahrzeughalter verl\u00e4sslich vor hohen Kosten und sorgt im Schadenfall f\u00fcr die Erhaltung seiner Liquidit\u00e4t\u201c, sagt Gerhard Wiegand. Weitere Vorteile seien ein faires Inzahlungnahmeangebot f\u00fcr den bisherigen Wagen, ein umfangreiches Garantiepaket, spezielle Fahrzeugversicherungen, Finanzierung- und Leasingangebote sowie die M\u00f6glichkeit, den Wagen binnen zehn Arbeitstagen sogar umtauschen zu k\u00f6nnen, wenn aus irgendeinem Grund die getroffene Wahl den K\u00e4ufer nicht zufrieden stelle.<\/p>\n<p>Technisch sind die gebrauchten Fahrzeuge auf Herz und Nieren gepr\u00fcft und in top-gepflegtem Zustand. Doch nicht nur die Autos selbst entsprechen den individuellen W\u00fcnschen der K\u00e4ufer. Die Verantwortlichen im Volkswagen Zentrum Fulda haben mit dem neuen Verkaufspavillon an der Gebrauchtwagenterrasse, speziell geschulten Mitarbeitern, die das Know-how der atzert:weber Gruppe mit den hohen Standards der Volkswagen AG in Einklang bringen, und der Garantie auf einen Top-Service auch in den Folgejahren alles getan, damit der Spa\u00df und die Freude am &#8220;neuen&#8221; Auto auch erhalten bleibt.<\/p>\n<p>&#8220;Wir haben eine hohe Produktvielfalt und k\u00f6nnen auf der VW-internen B\u00f6rse auf mehr als 10000 Autos \u2013 auch auf Fahrzeuge anderer Marken \u2013 zugreifen&#8221;, stellt Gerhard Wiegand die Vorz\u00fcge des neuen Konzeptes vor. &#8220;Dabei erf\u00fcllen alle Gebrauchten die gleichen qualitativen Standards, die der Kunde von uns erwarten darf und die im \u00fcbrigen auch von Volkswagen j\u00e4hrlich \u00fcberpr\u00fcft werden.&#8221;<\/p>\n<p>Ein besonderes Angebot sieht die Unternehmensgruppe atzert:weber in den sogenannten &#8220;jungen Gebrauchten&#8221;. Dies sind Fahrzeuge, die bis maximal 12 Monate gefahren werden und zum Beispiel als Dienstwagen der Volkswagen AG oder aus eigenen Best\u00e4nden der atzert:weber Gruppe stammen. &#8220;Damit sich Interessenten einen ersten \u00dcberblick verschaffen k\u00f6nnen, werden wir zur Er\u00f6ffnung unseres neuen Pavillons spezielle Gebrauchtwagenwochen vom 1. bis 15. September durchf\u00fchren. Das besondere Angebot \u00fcberzeugt spontan und der eine oder andere Kunde d\u00fcrfte sein neues Traumauto gleich beim ersten Besuch finden\u201c, erkl\u00e4rt Gesch\u00e4ftsf\u00fchrer Werner Atzert.<\/p>\n<p>&nbsp;<\/p>\n","protected":false},"excerpt":{"rendered":"<div class=\"tmnf_excerpt\"><p>Fulda. Das Volkswagen Zentrum Fulda hat den L\u00fcckenschluss vollzogen. Mit der Er\u00f6ffnung des neuen Pavillons &#8220;Das WeltAuto\u201c \u2013 in unmittelbarer N\u00e4he zur Ausstellungsterrasse f\u00fcr top-gepflegte Gebrauchtwagenfahrzeuge \u2013 hat der Wolfsburger Autobauer sein Vertrauen in die atzert:weber Gruppe erneut untermauert. &#8220;Im Marktgebiet Fulda sind wir der einzige Partner f\u00fcr die Gebrauchtwagensparte \u201eDas WeltAuto\u201c mit dem die &hellip;<\/p>\n<\/div>","protected":false},"author":1,"featured_media":0,"comment_status":"closed","ping_status":"closed","sticky":false,"template":"","format":"standard","meta":{"footnotes":""},"categories":[1,35],"tags":[],"class_list":["post-101493","post","type-post","status-publish","format-standard","hentry","category-startseite","category-auto"],"_links":{"self":[{"href":"https:\/\/www.fuldaernachrichten.de\/index.php?rest_route=\/wp\/v2\/posts\/101493","targetHints":{"allow":["GET"]}}],"collection":[{"href":"https:\/\/www.fuldaernachrichten.de\/index.php?rest_route=\/wp\/v2\/posts"}],"about":[{"href":"https:\/\/www.fuldaernachrichten.de\/index.php?rest_route=\/wp\/v2\/types\/post"}],"author":[{"embeddable":true,"href":"https:\/\/www.fuldaernachrichten.de\/index.php?rest_route=\/wp\/v2\/users\/1"}],"replies":[{"embeddable":true,"href":"https:\/\/www.fuldaernachrichten.de\/index.php?rest_route=%2Fwp%2Fv2%2Fcomments&post=101493"}],"version-history":[{"count":1,"href":"https:\/\/www.fuldaernachrichten.de\/index.php?rest_route=\/wp\/v2\/posts\/101493\/revisions"}],"predecessor-version":[{"id":101495,"href":"https:\/\/www.fuldaernachrichten.de\/index.php?rest_route=\/wp\/v2\/posts\/101493\/revisions\/101495"}],"wp:attachment":[{"href":"https:\/\/www.fuldaernachrichten.de\/index.php?rest_route=%2Fwp%2Fv2%2Fmedia&parent=101493"}],"wp:term":[{"taxonomy":"category","embeddable":true,"href":"https:\/\/www.fuldaernachrichten.de\/index.php?rest_route=%2Fwp%2Fv2%2Fcategories&post=101493"},{"taxonomy":"post_tag","embeddable":true,"href":"https:\/\/www.fuldaernachrichten.de\/index.php?rest_route=%2Fwp%2Fv2%2Ftags&post=101493"}],"curies":[{"name":"wp","href":"https:\/\/api.w.org\/{rel}","templated":true}]}}