{"id":101485,"date":"2012-08-31T00:10:19","date_gmt":"2012-08-31T00:10:19","guid":{"rendered":"http:\/\/www.fuldaer-nachrichten.de\/?p=101485"},"modified":"2012-08-30T11:11:44","modified_gmt":"2012-08-30T11:11:44","slug":"veranstaltungen-der-musikschule-der-stadt-fulda-im-september","status":"publish","type":"post","link":"https:\/\/www.fuldaernachrichten.de\/?p=101485","title":{"rendered":"Veranstaltungen der Musikschule der Stadt Fulda im September"},"content":{"rendered":"<p>Fulda (cp). \u201eDie Musikschule bietet ein buntes und breitgef\u00e4chertes Programm, so dass f\u00fcr Jung und Alt interessante Veranstaltungen angeboten werden\u201c, betont Oberb\u00fcrgermeister und Kulturdezernent Gerhard M\u00f6ller und verweist auf die Highlights des Septembers.<!--more--><br \/>\n<strong>Werke vom Mittelalter bis zur Moderne<\/strong><\/p>\n<p>Fernab der elementaren Musikerziehung stellt sich die Blockfl\u00f6te am Samstag, 01. September, von 18.30 Uhr bis 20.00 Uhr in einem Konzert zusammen mit Musikschulensembles und dem Streichorchester als vielseitiges Konzertinstrument vor. Zu h\u00f6ren sind Werke vom Mittelalter bis zur Moderne. Das Konzert findet im Rokokosaal im Palais Altenstein, Schlossstra\u00dfe 4-6, statt.<\/p>\n<p><strong>\u201eDer kleine B\u00e4r\u201c<\/strong><\/p>\n<p>\u201eDer kleine B\u00e4r\u201c \u2013 eine Geschichte mit viel Musik von Kindern f\u00fcr Kinder. Mit Blockfl\u00f6ten, Streichern, Gitarren, Querfl\u00f6ten, Trompeten und einem Erz\u00e4hler. Der neugierige kleine B\u00e4r wandert durch die Welt und \u00fcbersteht allerlei Abenteuer. Was aber wird ihm helfen, als er von den b\u00f6sen Zauberern gefangen wird? Diese Veranstaltung findet am Samstag, 15. September von 15.00 Uhr bis 16.00 Uhr im Atrium der Kinderklinik im Klinikum Fulda und am Sonntag, 16. September von 11.30 Uhr bis 12.30 Uhr in der Naturkundeabteilung des Vonderau Museums, Jesuitenplatz 2, statt. Im Anschluss besteht f\u00fcr die Zuh\u00f6rer die M\u00f6glichkeit, Instrumente aus der N\u00e4he anzuschauen und auszuprobieren. Sie alle k\u00f6nnen schon im Grundschulalter erlernt werden.<\/p>\n<p><strong>Musikschulfest \u2013 \u201eH\u00f6ren und staunen\u201c<\/strong><\/p>\n<p>Am Samstag, 22. September von 13.00 Uhr bis 18.00 Uhr l\u00e4dt die Musikschule der Stadt Fulda und ihr F\u00f6rderverein zum traditionellen Musikschulfest ein: Es wirken neben s\u00e4mtlichen Instrumentengruppen auch die Musikschulensembles wie beispielsweise \u201eTrumpet Youngsters\u201c, Percussionensemble und der BigBand \u201eBig\u00e2\u20ac\u2122n\u00e2\u20ac\u2122Jazz\u201c in Kurzkonzerten mit. Au\u00dferdem wird ein Gastauftritt des Kammerorchesters der Jugend erwartet. Selbstverst\u00e4ndlich werden auch p\u00e4dagogische Beratung, Schnupperm\u00f6glichkeiten und Informationen zur Anmeldung angeboten. Kulinarisches, ein Flohmarkt sowie viel Spiel und Spa\u00df \u2013 vom Malen bis zum Musikschulquiz f\u00fcr Besserwisser \u2013 runden den Tag ab.<\/p>\n","protected":false},"excerpt":{"rendered":"<div class=\"tmnf_excerpt\"><p>Fulda (cp). \u201eDie Musikschule bietet ein buntes und breitgef\u00e4chertes Programm, so dass f\u00fcr Jung und Alt interessante Veranstaltungen angeboten werden\u201c, betont Oberb\u00fcrgermeister und Kulturdezernent Gerhard M\u00f6ller und verweist auf die Highlights des Septembers.<\/p>\n<\/div>","protected":false},"author":1,"featured_media":0,"comment_status":"closed","ping_status":"closed","sticky":false,"template":"","format":"standard","meta":{"footnotes":""},"categories":[1,44],"tags":[],"class_list":["post-101485","post","type-post","status-publish","format-standard","hentry","category-startseite","category-kultur"],"_links":{"self":[{"href":"https:\/\/www.fuldaernachrichten.de\/index.php?rest_route=\/wp\/v2\/posts\/101485","targetHints":{"allow":["GET"]}}],"collection":[{"href":"https:\/\/www.fuldaernachrichten.de\/index.php?rest_route=\/wp\/v2\/posts"}],"about":[{"href":"https:\/\/www.fuldaernachrichten.de\/index.php?rest_route=\/wp\/v2\/types\/post"}],"author":[{"embeddable":true,"href":"https:\/\/www.fuldaernachrichten.de\/index.php?rest_route=\/wp\/v2\/users\/1"}],"replies":[{"embeddable":true,"href":"https:\/\/www.fuldaernachrichten.de\/index.php?rest_route=%2Fwp%2Fv2%2Fcomments&post=101485"}],"version-history":[{"count":0,"href":"https:\/\/www.fuldaernachrichten.de\/index.php?rest_route=\/wp\/v2\/posts\/101485\/revisions"}],"wp:attachment":[{"href":"https:\/\/www.fuldaernachrichten.de\/index.php?rest_route=%2Fwp%2Fv2%2Fmedia&parent=101485"}],"wp:term":[{"taxonomy":"category","embeddable":true,"href":"https:\/\/www.fuldaernachrichten.de\/index.php?rest_route=%2Fwp%2Fv2%2Fcategories&post=101485"},{"taxonomy":"post_tag","embeddable":true,"href":"https:\/\/www.fuldaernachrichten.de\/index.php?rest_route=%2Fwp%2Fv2%2Ftags&post=101485"}],"curies":[{"name":"wp","href":"https:\/\/api.w.org\/{rel}","templated":true}]}}