{"id":101479,"date":"2012-08-30T07:58:51","date_gmt":"2012-08-30T07:58:51","guid":{"rendered":"http:\/\/www.fuldaer-nachrichten.de\/?p=101479"},"modified":"2012-08-30T07:58:51","modified_gmt":"2012-08-30T07:58:51","slug":"arbeitsmarkt-zeigt-sich-stabil-arbeitslosenquote-bei-35-prozent","status":"publish","type":"post","link":"https:\/\/www.fuldaernachrichten.de\/?p=101479","title":{"rendered":"Arbeitsmarkt zeigt sich stabil &#8211; Arbeitslosenquote bei 3,5 Prozent"},"content":{"rendered":"<p><a href=\"http:\/\/www.fuldaer-nachrichten.de\/wp-content\/uploads\/2012\/08\/presse-1.jpg\"><img decoding=\"async\" class=\"alignleft size-thumbnail wp-image-101480\" title=\"presse-1\" src=\"http:\/\/www.fuldaer-nachrichten.de\/wp-content\/uploads\/2012\/08\/presse-1-265x126.jpg\" alt=\"\" width=\"265\" height=\"126\" srcset=\"https:\/\/www.fuldaernachrichten.de\/wp-content\/uploads\/2012\/08\/presse-1-265x126.jpg 265w, https:\/\/www.fuldaernachrichten.de\/wp-content\/uploads\/2012\/08\/presse-1.jpg 592w\" sizes=\"(max-width: 265px) 100vw, 265px\" \/><\/a>Fulda. Zum Ende des Sommers ist die Arbeitslosigkeit in der Region Fulda wieder gesunken. Aktuell sind bei der Arbeitsagentur Fulda und beim Kreisjobcenter insgesamt 4.003 Menschen arbeitslos gemeldet \u2013 239 weniger als im Juli. Die Arbeitslosenquote liegt bei 3,5 Prozent und ist die niedrigste August-Quote seit 1980.<!--more--><br \/>\n\u201eIn der Zeitspanne von Juni bis August kam zum saisonal \u00fcblichen Anstieg der Arbeitslosigkeit eine an Dynamik verlierende Konjunktur hinzu\u201c, konstatierte Waldemar Dombrowski, Vorsitzender der Gesch\u00e4ftsf\u00fchrung der Agentur f\u00fcr Arbeit Fulda. Dies werde am schw\u00e4cheren Abbau der Arbeitslosigkeit und an der im Vergleich zum Vorjahr niedrigeren Nachfrage nach Arbeitskr\u00e4ften seitens der Zeitarbeitsbranche deutlich, f\u00fchrte der Agenturchef bei einer Pressekonferenz in der Arbeitsagentur aus. So konnten mit 492 arbeitslosen Personen etwa 30 weniger in den ersten Arbeitsmarkt integriert werden als im Vorjahresmonat.<\/p>\n<p>Gleichwohl ging die Arbeitslosigkeit im August im Vergleich zum Vorjahr um 332 zur\u00fcck (-7,7 Prozent). \u201eDies ist der st\u00e4rkste R\u00fcckgang in allen hessischen Agenturbezirken und belegt die immer noch relativ stabile Lage in unserer Wirtschaftsregion\u201c, erl\u00e4uterte Waldemar Dombrowski. Jedoch k\u00f6nnen wegen der internationalen Abh\u00e4ngigkeiten Risiken f\u00fcr die Konjunktur und damit den Arbeitsmarkt nicht ausgeschlossen werden.<\/p>\n<p>Vom Abbau der Arbeitslosigkeit profitierten alle Personengruppen. Insbesondere j\u00fcngere Menschen unter 25 Jahren (-9 Prozent auf 486) und \u00e4ltere Personen \u00fcber 50 Jahre (-9,6 Prozent auf 1.389). Zum R\u00fcckgang der Besch\u00e4ftigungslosigkeit bei j\u00fcngeren Personen hat die fr\u00fchzeitige Kontaktaufnahme der Arbeitsagentur mit Auszubildenden in den Berufsschulen beigetragen. In den F\u00e4llen, in denen eine \u00dcbernahme nicht m\u00f6glich war, wurden umgehend Vermittlungsaktivit\u00e4ten gestartet.<\/p>\n<p>Seit Jahresbeginn konnte der Arbeitgeberservice der Agentur f\u00fcr Arbeit Fulda 3.967 Stellen akquirieren, was einem Minus von 284 (-6,7 Prozent) gleichkommt. Gro\u00dfer Bedarf an Personal besteht weiterhin im Bereich der Alten- und Krankenpflege, im Gastgewerbe sowie im Bau- und Baunebengewerbe. Gesucht werden au\u00dferdem Ingenieure, Techniker sowie Metallbauer, Schwei\u00dfer und Dreher. Etwas abgeschw\u00e4cht hat sich die Nachfrage nach Fachkr\u00e4ften und Helfern im Bereich der Personaldienstleistung (s.o).<\/p>\n<p>Immer noch gibt es f\u00fcr den Ausbildungsbeginn im September zahlreiche freie Ausbildungsstellen (s. beigef\u00fcgte Liste). Die Agentur f\u00fcr Arbeit appelliert an die Jugendlichen, die noch auf der Suche nach einer Ausbildungsstelle sind und noch nicht bei der Berufsberatung der Arbeitsagentur als Bewerber oder Bewerberin gemeldet sind, schnellstm\u00f6glich einen Termin bei der Berufsberatung zu vereinbaren. M\u00f6glich ist dies unter der Service-Rufnummer 01801-555 111* zu vereinbaren (*Festnetzpreis 3,9 ct\/min; Mobilfunkpreis max. 42 ct\/min).<\/p>\n","protected":false},"excerpt":{"rendered":"<div class=\"tmnf_excerpt\"><p>Fulda. Zum Ende des Sommers ist die Arbeitslosigkeit in der Region Fulda wieder gesunken. Aktuell sind bei der Arbeitsagentur Fulda und beim Kreisjobcenter insgesamt 4.003 Menschen arbeitslos gemeldet \u2013 239 weniger als im Juli. Die Arbeitslosenquote liegt bei 3,5 Prozent und ist die niedrigste August-Quote seit 1980.<\/p>\n<\/div>","protected":false},"author":1,"featured_media":0,"comment_status":"closed","ping_status":"closed","sticky":false,"template":"","format":"standard","meta":{"footnotes":""},"categories":[1,53],"tags":[],"class_list":["post-101479","post","type-post","status-publish","format-standard","hentry","category-startseite","category-bildung"],"_links":{"self":[{"href":"https:\/\/www.fuldaernachrichten.de\/index.php?rest_route=\/wp\/v2\/posts\/101479","targetHints":{"allow":["GET"]}}],"collection":[{"href":"https:\/\/www.fuldaernachrichten.de\/index.php?rest_route=\/wp\/v2\/posts"}],"about":[{"href":"https:\/\/www.fuldaernachrichten.de\/index.php?rest_route=\/wp\/v2\/types\/post"}],"author":[{"embeddable":true,"href":"https:\/\/www.fuldaernachrichten.de\/index.php?rest_route=\/wp\/v2\/users\/1"}],"replies":[{"embeddable":true,"href":"https:\/\/www.fuldaernachrichten.de\/index.php?rest_route=%2Fwp%2Fv2%2Fcomments&post=101479"}],"version-history":[{"count":1,"href":"https:\/\/www.fuldaernachrichten.de\/index.php?rest_route=\/wp\/v2\/posts\/101479\/revisions"}],"predecessor-version":[{"id":101481,"href":"https:\/\/www.fuldaernachrichten.de\/index.php?rest_route=\/wp\/v2\/posts\/101479\/revisions\/101481"}],"wp:attachment":[{"href":"https:\/\/www.fuldaernachrichten.de\/index.php?rest_route=%2Fwp%2Fv2%2Fmedia&parent=101479"}],"wp:term":[{"taxonomy":"category","embeddable":true,"href":"https:\/\/www.fuldaernachrichten.de\/index.php?rest_route=%2Fwp%2Fv2%2Fcategories&post=101479"},{"taxonomy":"post_tag","embeddable":true,"href":"https:\/\/www.fuldaernachrichten.de\/index.php?rest_route=%2Fwp%2Fv2%2Ftags&post=101479"}],"curies":[{"name":"wp","href":"https:\/\/api.w.org\/{rel}","templated":true}]}}