{"id":101476,"date":"2012-08-30T07:26:12","date_gmt":"2012-08-30T07:26:12","guid":{"rendered":"http:\/\/www.fuldaer-nachrichten.de\/?p=101476"},"modified":"2012-08-30T07:26:21","modified_gmt":"2012-08-30T07:26:21","slug":"orgelklange-aus-dem-tierbereich-orgelplus-konzert-mit-dem-muku-ensemble-der-winfriedschule","status":"publish","type":"post","link":"https:\/\/www.fuldaernachrichten.de\/?p=101476","title":{"rendered":"Orgelkl\u00e4nge aus dem Tierbereich &#8211; OrgelPlus-Konzert mit dem Muku-Ensemble der Winfriedschule"},"content":{"rendered":"<p><a href=\"http:\/\/www.fuldaer-nachrichten.de\/wp-content\/uploads\/2012\/08\/Pressefoto_OrgelPlus_22.08.2012.jpg\"><img decoding=\"async\" class=\"alignleft size-thumbnail wp-image-101477\" title=\"Pressefoto_OrgelPlus_22.08.2012\" src=\"http:\/\/www.fuldaer-nachrichten.de\/wp-content\/uploads\/2012\/08\/Pressefoto_OrgelPlus_22.08.2012-265x176.jpg\" alt=\"\" width=\"265\" height=\"176\" srcset=\"https:\/\/www.fuldaernachrichten.de\/wp-content\/uploads\/2012\/08\/Pressefoto_OrgelPlus_22.08.2012-265x176.jpg 265w, https:\/\/www.fuldaernachrichten.de\/wp-content\/uploads\/2012\/08\/Pressefoto_OrgelPlus_22.08.2012.jpg 600w\" sizes=\"(max-width: 265px) 100vw, 265px\" \/><\/a>Fulda. (<strong>Or<\/strong>)i(<strong>g<\/strong>)in(<strong>el<\/strong>)les und Heiteres brachte die Zuh\u00f6rer der vollbesetzten B\u00fchne der Winfriedschule in einer weiteren Orgelsoir\u00e9e der \u201cFuldaer Orgelb\u00fchne\u201c zum Schmunzeln. Zun\u00e4chst bot Verena Seuring, Vorsitzende des Vereins und Musiklehrerin, Beethoven-Ohrw\u00fcrmer, eingebettet in einen refrainartigen RagTime, im Werk des Hamburger Kirchenmusikers Andreas Willscher (geb. 1955) \u201eMy Beethoven \u2013 Rag f\u00fcr Orgel\u201c dar, wobei den Zuh\u00f6rern das Wiedererkennen der Originalst\u00fccke Beethovens sichtlich Freude bereitete.<!--more--><\/p>\n<p>Musiklehrer Peter Ziegler erl\u00e4uterte in lockerer und humorvoller Weise s\u00e4mtliche Vortragsst\u00fccke mit Hintergrundinformationen. Ein weiteres Werk Willschers lie\u00df Tiere zu Lande (\u201eInsektarium\u201c), zu Wasser (\u201eAquarium\u201c) und in der Luft (\u201eVogelarium\u201c) zu Wort bzw. Ton kommen, wobei die Orgel den Bewegungen und Lauten von Waldameise oder Nachtigall realistisch nahe kam. Auch die Einfl\u00fcsse des Bildes \u201eDas M\u00e4dchen mit der Taube\u201c von Pablo Picasso wurden in den Klanggebilden deutlich. Verena Seuring zeigte mit dem Werk \u201eAtaccot\u201c von Enjott Schneider(geb. 1950) das\u00c2\u00a0 verbl\u00fcffende Ergebnis der r\u00fcckw\u00e4rts gespielten ber\u00fchmten d-Moll-Toccata von J. S. Bach.<\/p>\n<p>Im letzten Solost\u00fcck blieb auch Mozart nicht verschont, indem der ungarische Komponist Zsolt Gardonyi (geb. 1946) in seiner Komposition \u201eMozart Changes\u201c einen wunderbar ironisch-respektlosen Umgang mit einem Thema aus Mozarts letzter Klaviersonate (KV 572) durch rhythmische und harmonische Verfremdungen im Jazzstil aufzeigt.<\/p>\n<p>Die seit bereits drei Jahren an der Winfriedschule eingerichtete Muku-Klasse mit zus\u00e4tzlichem Musik bzw. Kunstunterricht pr\u00e4sentierte zwischen den Orgelwerken T\u00e4nze aus S\u00fcdamerika von Kurt Klose (geb. 1952), arrangiert und geleitet von Verena Seuring. Die Mukuklasse 6 zeigte dabei mit\u00c2\u00a0 5 Keyboards\/Klaviere (Christina Kind, Nikolaus Odenwald, Sarina Taskin, Vanessa Franco, Carolin Balzer), 4 Gitarren (Anna-Lena Schroll, Vivien Schwing, Benedikt Jest\u00e4dt, Melissa Abt), Schlagzeug (Jonas M\u00fcller), Trompete (Karl Balzer) und Violine (Simon Oehlke) eine von Spielfreude und Musikalit\u00e4t gepr\u00e4gte Leistung, die vom Publikum, ebenso wie die Darbietungen von Verena Seuring und die Moderation von Peter Ziegler, mit anhaltendem Applaus honoriert wurde. Schulleiter Dr. Summa dankte allen Mitwirkenden und verwies auf den \u201eAbend der K\u00fcnste\u201c im Rahmen des 90-j\u00e4hrigen Schuljubl\u00e4ums am 13. September 2012. (Peter Ziegler)<\/p>\n<p>&nbsp;<\/p>\n<p>&nbsp;<\/p>\n","protected":false},"excerpt":{"rendered":"<div class=\"tmnf_excerpt\"><p>Fulda. (Or)i(g)in(el)les und Heiteres brachte die Zuh\u00f6rer der vollbesetzten B\u00fchne der Winfriedschule in einer weiteren Orgelsoir\u00e9e der \u201cFuldaer Orgelb\u00fchne\u201c zum Schmunzeln. Zun\u00e4chst bot Verena Seuring, Vorsitzende des Vereins und Musiklehrerin, Beethoven-Ohrw\u00fcrmer, eingebettet in einen refrainartigen RagTime, im Werk des Hamburger Kirchenmusikers Andreas Willscher (geb. 1955) \u201eMy Beethoven \u2013 Rag f\u00fcr Orgel\u201c dar, wobei den Zuh\u00f6rern &hellip;<\/p>\n<\/div>","protected":false},"author":1,"featured_media":0,"comment_status":"closed","ping_status":"closed","sticky":false,"template":"","format":"standard","meta":{"footnotes":""},"categories":[1,53,44],"tags":[],"class_list":["post-101476","post","type-post","status-publish","format-standard","hentry","category-startseite","category-bildung","category-kultur"],"_links":{"self":[{"href":"https:\/\/www.fuldaernachrichten.de\/index.php?rest_route=\/wp\/v2\/posts\/101476","targetHints":{"allow":["GET"]}}],"collection":[{"href":"https:\/\/www.fuldaernachrichten.de\/index.php?rest_route=\/wp\/v2\/posts"}],"about":[{"href":"https:\/\/www.fuldaernachrichten.de\/index.php?rest_route=\/wp\/v2\/types\/post"}],"author":[{"embeddable":true,"href":"https:\/\/www.fuldaernachrichten.de\/index.php?rest_route=\/wp\/v2\/users\/1"}],"replies":[{"embeddable":true,"href":"https:\/\/www.fuldaernachrichten.de\/index.php?rest_route=%2Fwp%2Fv2%2Fcomments&post=101476"}],"version-history":[{"count":1,"href":"https:\/\/www.fuldaernachrichten.de\/index.php?rest_route=\/wp\/v2\/posts\/101476\/revisions"}],"predecessor-version":[{"id":101478,"href":"https:\/\/www.fuldaernachrichten.de\/index.php?rest_route=\/wp\/v2\/posts\/101476\/revisions\/101478"}],"wp:attachment":[{"href":"https:\/\/www.fuldaernachrichten.de\/index.php?rest_route=%2Fwp%2Fv2%2Fmedia&parent=101476"}],"wp:term":[{"taxonomy":"category","embeddable":true,"href":"https:\/\/www.fuldaernachrichten.de\/index.php?rest_route=%2Fwp%2Fv2%2Fcategories&post=101476"},{"taxonomy":"post_tag","embeddable":true,"href":"https:\/\/www.fuldaernachrichten.de\/index.php?rest_route=%2Fwp%2Fv2%2Ftags&post=101476"}],"curies":[{"name":"wp","href":"https:\/\/api.w.org\/{rel}","templated":true}]}}