{"id":101454,"date":"2012-08-30T00:09:53","date_gmt":"2012-08-30T00:09:53","guid":{"rendered":"http:\/\/www.fuldaer-nachrichten.de\/?p=101454"},"modified":"2012-08-30T07:23:27","modified_gmt":"2012-08-30T07:23:27","slug":"seniorenpflegeheim-mutter-teresa-erweitert-um-28-neue-zimmer-eroffnung-am-wochenende","status":"publish","type":"post","link":"https:\/\/www.fuldaernachrichten.de\/?p=101454","title":{"rendered":"Seniorenpflegeheim \u201eMutter Teresa\u201c erweitert um 28 neue Zimmer &#8211; Er\u00f6ffnung am Wochenende"},"content":{"rendered":"<p><a href=\"http:\/\/www.fuldaer-nachrichten.de\/wp-content\/uploads\/2012\/08\/2506.jpg\"><img fetchpriority=\"high\" decoding=\"async\" class=\"alignnone size-full wp-image-101458\" title=\"2506\" src=\"http:\/\/www.fuldaer-nachrichten.de\/wp-content\/uploads\/2012\/08\/2506.jpg\" alt=\"\" width=\"600\" height=\"400\" srcset=\"https:\/\/www.fuldaernachrichten.de\/wp-content\/uploads\/2012\/08\/2506.jpg 600w, https:\/\/www.fuldaernachrichten.de\/wp-content\/uploads\/2012\/08\/2506-265x176.jpg 265w\" sizes=\"(max-width: 600px) 100vw, 600px\" \/><\/a>Neuhof. \u201eMit dem Herzen sehen und helfen\u201c ist das Grundanliegen der Stiftung, die in Mutter Teresa ein gro\u00dfes Vorbild hat. Nach dieser Philosophie betreibt das Seniorenpflegeheim Mutter Teresa in Neuhof nach einem Erweiterungsbau nun 88 vollstation\u00e4re und sechs Kurzzeitpflegepl\u00e4tze.\u00c2\u00a0In knapp zehn Monaten Bauzeit entstanden im Seniorenwohnheim Mutter Teresa am Opperzer Berg in Neuhof 28 neue Bewohnerzimmer, sowie zahlreiche Funktionsr\u00e4ume, die am kommenden Wochenende feierlich er\u00f6ffnet werden sollen. Rund drei Millionen Euro hat die Stiftung Mutter Teresa dazu investiert.<!--more--><\/p>\n<p><strong><\/strong><a href=\"http:\/\/www.fuldaer-nachrichten.de\/wp-content\/uploads\/2012\/08\/2514.jpg\"><img decoding=\"async\" class=\"alignleft size-thumbnail wp-image-101457\" title=\"2514\" src=\"http:\/\/www.fuldaer-nachrichten.de\/wp-content\/uploads\/2012\/08\/2514-265x176.jpg\" alt=\"\" width=\"265\" height=\"176\" srcset=\"https:\/\/www.fuldaernachrichten.de\/wp-content\/uploads\/2012\/08\/2514-265x176.jpg 265w, https:\/\/www.fuldaernachrichten.de\/wp-content\/uploads\/2012\/08\/2514.jpg 600w\" sizes=\"(max-width: 265px) 100vw, 265px\" \/><\/a>\u201eWir hatten eine gro\u00dfe Warteliste\u201c, sagt Wigbert Wahl, Vorsitzender der Stiftung Mutter Teresa, die das Seniorenpflegeheim in Neuhof betreibt. \u201eVor allem wurden auch die dringlichen Anfragen aus unseren Haupteinzugsgebieten Neuhof und Kalbach immer mehr. Unser Haus lief bislang schon gut, aber mit dem Erweiterungsbau auf nun 88 Vollzeit- und sechs Kurzzeitpflegepl\u00e4tze haben wir nun die optimale Gr\u00f6\u00dfe\u201c, erkl\u00e4rt Wahl, der selbst Iniatiator und Gr\u00fcndungsmitglied der Stiftung ist. Die h\u00e4usliche Infrastruktur wie K\u00fcche und W\u00e4scherei, das Caf\u00e9 Lichtblick, aber auch die Verwaltung und die Organisation des Personals lassen sich nach seinen Aussagen nach dem Erweiterungsbau k\u00fcnftig optimal auslasten. Personell hat das Haus um 25 Mitarbeiter auf nun insgesamt 110 aufgestockt. Eine fachgerechte und ganzheitliche Pflege ist der Grundstein des Betreuungskonzeptes des Hauses. Ein abwechslungsreicher und liebevoll gestalteter Tagesablauf soll daneben helfen, das Leben auch in Grenzsituationen lebenswert zu machen. Daher gestalten zus\u00e4tzlich zum ben\u00f6tigten Pflegepersonal so genannte \u201ePr\u00e4senzkr\u00e4fte\u201c das Leben in den \u201eguten Stuben\u201c des Hauses, also in den Gemeinschaftsr\u00e4umen der jeweiligen Wohnbereiche.<\/p>\n<p><a href=\"http:\/\/www.fuldaer-nachrichten.de\/wp-content\/uploads\/2012\/08\/2528.jpg\"><img decoding=\"async\" class=\"alignnone size-thumbnail wp-image-101456\" title=\"2528\" src=\"http:\/\/www.fuldaer-nachrichten.de\/wp-content\/uploads\/2012\/08\/2528-265x176.jpg\" alt=\"\" width=\"265\" height=\"176\" srcset=\"https:\/\/www.fuldaernachrichten.de\/wp-content\/uploads\/2012\/08\/2528-265x176.jpg 265w, https:\/\/www.fuldaernachrichten.de\/wp-content\/uploads\/2012\/08\/2528.jpg 600w\" sizes=\"(max-width: 265px) 100vw, 265px\" \/><\/a> <a href=\"http:\/\/www.fuldaer-nachrichten.de\/wp-content\/uploads\/2012\/08\/2489.jpg\"><img loading=\"lazy\" decoding=\"async\" class=\"alignnone size-thumbnail wp-image-101459\" title=\"2489\" src=\"http:\/\/www.fuldaer-nachrichten.de\/wp-content\/uploads\/2012\/08\/2489-265x176.jpg\" alt=\"\" width=\"265\" height=\"176\" srcset=\"https:\/\/www.fuldaernachrichten.de\/wp-content\/uploads\/2012\/08\/2489-265x176.jpg 265w, https:\/\/www.fuldaernachrichten.de\/wp-content\/uploads\/2012\/08\/2489.jpg 600w\" sizes=\"(max-width: 265px) 100vw, 265px\" \/><\/a><\/p>\n<p>\u201eSie geben Hilfe bei den Mahlzeiten, gestalten den gemeinsamen Vormittag und werden so oft zur Heimat gebenden Bezugsperson f\u00fcr die Bewohner\u201c, erkl\u00e4rt Wigbert Wahl. Neben den fest angestellten, sehr verl\u00e4sslichen Mitarbeitern im\u00c2\u00a0Pflege- und Betreuungsbereich, seien aber auch viele ehrenamtliche Kr\u00e4fte, die der Stiftung nahe stehen, mit gro\u00dfem Engagement und mit gro\u00dfer Begeisterung in verschiedenen Bereichen t\u00e4tig. In Summe erm\u00f6gliche das eine umfangreiche soziale Betreuung mit einem vielf\u00e4ltigen und regelm\u00e4\u00dfigen Angebot an Gymnastik, Spielen, religi\u00f6sen Angeboten (regelm\u00e4\u00dfiges Beten des Rosenkranzes und Gottesdienste) und weiteren Aktivit\u00e4ten.<\/p>\n<p><a href=\"http:\/\/www.fuldaer-nachrichten.de\/wp-content\/uploads\/2012\/08\/2566.jpg\"><img loading=\"lazy\" decoding=\"async\" class=\"alignleft size-thumbnail wp-image-101463\" title=\"2566\" src=\"http:\/\/www.fuldaer-nachrichten.de\/wp-content\/uploads\/2012\/08\/2566-265x176.jpg\" alt=\"\" width=\"265\" height=\"176\" srcset=\"https:\/\/www.fuldaernachrichten.de\/wp-content\/uploads\/2012\/08\/2566-265x176.jpg 265w, https:\/\/www.fuldaernachrichten.de\/wp-content\/uploads\/2012\/08\/2566.jpg 600w\" sizes=\"(max-width: 265px) 100vw, 265px\" \/><\/a>In nur zehn Monaten Bauzeit wurden 28 Bewohnerzimmer sowie zahlreiche Funktionsr\u00e4ume geschaffen. Dazu hat die Stiftung Mutter Teresa rund drei Millionen Euro investiert. Die rund 25 Quadratmeter gro\u00dfen Einzelzimmer sind mit einem behindertengerechten Nassbereich versehen, dazu geh\u00f6rt vor allem eine mit dem Rollstuhl befahrbare, ebenerdige Dusche. \u201eDie ersten Bewohner haben schon vor zwei Monaten ihre neuen Zimmer bezogen, ab dem kommenden Wochenende sind dann alle Stockwerke belegt\u201c, zeigt sich Wigbert Wahl \u00fcber die Nachfrage erfreut. Insgesamt wurden zu den 3795 Quadratmetern Bestand 1932 Quadratmeter neue Nutzfl\u00e4che geschaffen.<\/p>\n<p><a href=\"http:\/\/www.fuldaer-nachrichten.de\/wp-content\/uploads\/2012\/08\/2574.jpg\"><img loading=\"lazy\" decoding=\"async\" class=\"alignleft size-thumbnail wp-image-101461\" title=\"2574\" src=\"http:\/\/www.fuldaer-nachrichten.de\/wp-content\/uploads\/2012\/08\/2574-265x176.jpg\" alt=\"\" width=\"265\" height=\"176\" srcset=\"https:\/\/www.fuldaernachrichten.de\/wp-content\/uploads\/2012\/08\/2574-265x176.jpg 265w, https:\/\/www.fuldaernachrichten.de\/wp-content\/uploads\/2012\/08\/2574.jpg 600w\" sizes=\"(max-width: 265px) 100vw, 265px\" \/><\/a>\u201eWir betreiben von den R\u00e4umlichkeiten her ein sehr gro\u00dfz\u00fcgiges, vor allem aber ein sehr helles und freundliches Haus\u201c, ist sich Wigbert Wahl sicher. Dazu wurde viel mit Glas gebaut, die R\u00e4ume sind lichtdurchflutet, in jedem Wohnbereich gibt es die so genannten \u201eguten Stuben\u201c \u2013 Gemeinsch\u00e4ftsr\u00e4ume mit kleinen Kochnischen, in denen die Mahlzeiten eingenommen werden oder wo man sich einfach auch nur in guter Gesellschaft zusammenfinden kann. F\u00fcr gr\u00f6\u00dfere Runden und Veranstaltungen gibt es im Erdgeschoss entsprechende R\u00e4umlichkeiten. Vom Opperzer Berg, hoch \u00fcber Neuhof, l\u00e4sst sich \u00fcbrigens auch ein wunderbarer Blick weit hinaus \u00fcber die Nachbargemeinden, auf das Fliede- und Kalbachtal werfen. Komplettiert wird diese Idylle durch einen gro\u00dfz\u00fcgigen und mit viel Liebe zum Detail angelegten Aussenbereich.<\/p>\n<p>Auf dem Dach des Seniorenpflegeheims arbeitet \u00fcbrigens eine gro\u00dffl\u00e4chige Photovoltaikanlage. \u201eWir danken allen am Bau beteiligten Firmen und Personen nochmals ganz herzlich f\u00fcr die geleistete Arbeit \u2013 und freuen uns auf die feierliche Er\u00f6ffnung am kommenden Sonntag\u201c, l\u00e4dt Wigbert Wahl abschlie\u00dfend ein.<\/p>\n<p>Am kommenden Sonntag soll die offizielle Er\u00f6ffnung des Erweiterungsbaus gefeiert werden. Um 14.30 Uhr beginnen die Feierlichkeiten mit einer Begr\u00fc\u00dfung sowie einem religi\u00f6sen Impuls. Anschlie\u00dfend startet der Festbetrieb in und um das Haus. Ab 15 Uhr werden Hausf\u00fchrungen angeboten. Es besteht die M\u00f6glichkeit zur Nutzung der Parkpl\u00e4tze am Busplatz der Wernher-von-Braun-Schule Neuhof.<\/p>\n<p>Mehr Infos gibt es im Internet unter\u00c2\u00a0<a href=\"http:\/\/www.mutter-teresa.com\/\">www.mutter-teresa.com<\/a>\u00c2\u00a0oder unter Telefon\u00c2\u00a0\u00c2\u00a0(06655) 9167-0.<\/p>\n<p><strong>Die Geschichte der Stiftung <\/strong><\/p>\n<p>Neuhof. Am 5. September 1999, dem 2. Todestag von Mutter Teresa, gr\u00fcndeten 25 Privatpersonen und Firmen die Stiftung mit einem Gr\u00fcndungskapital in H\u00f6he von damals 125.000 DM. Die Stiftung hatte das Ziel, in der Gemeinde Neuhof ein Seniorenpflegeheim f\u00fcr die Gemeinden Neuhof und Kalbach sowie f\u00fcr die weiteren Nachbargemeinden zu errichten und zu betreiben. Er\u00f6ffnet wurde das Heim am 1. September 2006. Die Stiftung plante schon damals bis 2012 einen Erweiterungsbau mit 28 vollstation\u00e4ren Pflegepl\u00e4tzen zu realisieren, der nun am kommenden Wochenende feierlich er\u00f6ffnet wird.<\/p>\n","protected":false},"excerpt":{"rendered":"<div class=\"tmnf_excerpt\"><p>Neuhof. \u201eMit dem Herzen sehen und helfen\u201c ist das Grundanliegen der Stiftung, die in Mutter Teresa ein gro\u00dfes Vorbild hat. Nach dieser Philosophie betreibt das Seniorenpflegeheim Mutter Teresa in Neuhof nach einem Erweiterungsbau nun 88 vollstation\u00e4re und sechs Kurzzeitpflegepl\u00e4tze.\u00c2\u00a0In knapp zehn Monaten Bauzeit entstanden im Seniorenwohnheim Mutter Teresa am Opperzer Berg in Neuhof 28 neue &hellip;<\/p>\n<\/div>","protected":false},"author":1,"featured_media":0,"comment_status":"closed","ping_status":"closed","sticky":false,"template":"","format":"standard","meta":{"footnotes":""},"categories":[1,78],"tags":[],"class_list":["post-101454","post","type-post","status-publish","format-standard","hentry","category-startseite","category-topthema"],"_links":{"self":[{"href":"https:\/\/www.fuldaernachrichten.de\/index.php?rest_route=\/wp\/v2\/posts\/101454","targetHints":{"allow":["GET"]}}],"collection":[{"href":"https:\/\/www.fuldaernachrichten.de\/index.php?rest_route=\/wp\/v2\/posts"}],"about":[{"href":"https:\/\/www.fuldaernachrichten.de\/index.php?rest_route=\/wp\/v2\/types\/post"}],"author":[{"embeddable":true,"href":"https:\/\/www.fuldaernachrichten.de\/index.php?rest_route=\/wp\/v2\/users\/1"}],"replies":[{"embeddable":true,"href":"https:\/\/www.fuldaernachrichten.de\/index.php?rest_route=%2Fwp%2Fv2%2Fcomments&post=101454"}],"version-history":[{"count":1,"href":"https:\/\/www.fuldaernachrichten.de\/index.php?rest_route=\/wp\/v2\/posts\/101454\/revisions"}],"predecessor-version":[{"id":101466,"href":"https:\/\/www.fuldaernachrichten.de\/index.php?rest_route=\/wp\/v2\/posts\/101454\/revisions\/101466"}],"wp:attachment":[{"href":"https:\/\/www.fuldaernachrichten.de\/index.php?rest_route=%2Fwp%2Fv2%2Fmedia&parent=101454"}],"wp:term":[{"taxonomy":"category","embeddable":true,"href":"https:\/\/www.fuldaernachrichten.de\/index.php?rest_route=%2Fwp%2Fv2%2Fcategories&post=101454"},{"taxonomy":"post_tag","embeddable":true,"href":"https:\/\/www.fuldaernachrichten.de\/index.php?rest_route=%2Fwp%2Fv2%2Ftags&post=101454"}],"curies":[{"name":"wp","href":"https:\/\/api.w.org\/{rel}","templated":true}]}}