{"id":101452,"date":"2012-08-30T00:10:13","date_gmt":"2012-08-30T00:10:13","guid":{"rendered":"http:\/\/www.fuldaer-nachrichten.de\/?p=101452"},"modified":"2012-08-29T12:20:23","modified_gmt":"2012-08-29T12:20:23","slug":"jugifahrt-der-marchingband-bachrain-nach-dalherda","status":"publish","type":"post","link":"https:\/\/www.fuldaernachrichten.de\/?p=101452","title":{"rendered":"Jugifahrt der Marchingband Bachrain nach Dalherda"},"content":{"rendered":"<p><strong><a href=\"http:\/\/www.fuldaer-nachrichten.de\/wp-content\/uploads\/2012\/08\/Jugifahrt-2012-1.jpg\"><img decoding=\"async\" class=\"alignleft size-thumbnail wp-image-101453\" title=\"Jugifahrt 2012-1\" src=\"http:\/\/www.fuldaer-nachrichten.de\/wp-content\/uploads\/2012\/08\/Jugifahrt-2012-1-265x185.jpg\" alt=\"\" width=\"265\" height=\"185\" srcset=\"https:\/\/www.fuldaernachrichten.de\/wp-content\/uploads\/2012\/08\/Jugifahrt-2012-1-265x185.jpg 265w, https:\/\/www.fuldaernachrichten.de\/wp-content\/uploads\/2012\/08\/Jugifahrt-2012-1.jpg 600w\" sizes=\"(max-width: 265px) 100vw, 265px\" \/><\/a>Dalherda. <\/strong>Es gibt sehr viele Jugendliche in der Marchingband Bachrain, deswegen sollte f\u00fcr diese auch etwas angeboten werden, was aus dem \u00fcblichen Rhythmus von Proben und Auftritten herausf\u00e4llt. Daher fand auch dieses Jahr wieder eine Jugendfahrt statt, die vom 17. bis 19. August 2012 nach Dalherda f\u00fchrte. Das kleine Dorf nahe Gersfeld war schon das vorangegangene Jahr eine sch\u00f6ne Wahl, da insgesamt alles sehr ruhig und in der Natur gelegen ist.\u00c2\u00a0 Es ging wieder zum Hans Asmussen Haus.<!--more--><\/p>\n<p>Die Jugendbetreuer lie\u00dfen sich wieder viel einfallen. So gab es neben einer Wasserschlacht, einem Schwimmbadbesuch und Wettessen viele spa\u00dfige Wettk\u00e4mpfe, in denen die in zwei Gruppen eingeteilten Jugendlichen beweisen mussten, was in ihnen steckt. Nat\u00fcrlich gab es auch jeden Abend ein Lagerfeuer, an dem gesungen, gelacht und erz\u00e4hlt wurde.<\/p>\n<p>Alles in allem kann man sagen, dass das Jugendwochenende sehr entspannend, spa\u00dfig und abwechslungsreich war. Man lernte viel \u00fcber die Leute, mit denen man im Probenalltag nicht so viel zu tun hat und man hatte zusammen Spa\u00df, wetteiferte und gruselte sich.<\/p>\n<p>Man darf gespannt sein, wo es n\u00e4chstes\u00c2\u00a0 Jahr hingeht und was sich die Jugendbetreuer der MBB \u2013 Nicole, Viktoria, Kevin, Marius und Pascal \u2013 wieder einfallen lassen. Wer Lust hat sich der Marching Band anzuschlie\u00dfen, gemeinsam musizieren m\u00f6chte und solche tollen Freizeitaktivit\u00e4ten miterleben m\u00f6chte, der kann sich gerne einfach mal auf <a href=\"http:\/\/www.marchingband-bachrain.de \" target=\"_blank\">www.marchingband-bachrain.de <\/a>informieren und in den Proben vorbei schauen.<\/p>\n","protected":false},"excerpt":{"rendered":"<div class=\"tmnf_excerpt\"><p>Dalherda. Es gibt sehr viele Jugendliche in der Marchingband Bachrain, deswegen sollte f\u00fcr diese auch etwas angeboten werden, was aus dem \u00fcblichen Rhythmus von Proben und Auftritten herausf\u00e4llt. Daher fand auch dieses Jahr wieder eine Jugendfahrt statt, die vom 17. bis 19. August 2012 nach Dalherda f\u00fchrte. Das kleine Dorf nahe Gersfeld war schon das &hellip;<\/p>\n<\/div>","protected":false},"author":1,"featured_media":0,"comment_status":"closed","ping_status":"closed","sticky":false,"template":"","format":"standard","meta":{"footnotes":""},"categories":[1,44],"tags":[],"class_list":["post-101452","post","type-post","status-publish","format-standard","hentry","category-startseite","category-kultur"],"_links":{"self":[{"href":"https:\/\/www.fuldaernachrichten.de\/index.php?rest_route=\/wp\/v2\/posts\/101452","targetHints":{"allow":["GET"]}}],"collection":[{"href":"https:\/\/www.fuldaernachrichten.de\/index.php?rest_route=\/wp\/v2\/posts"}],"about":[{"href":"https:\/\/www.fuldaernachrichten.de\/index.php?rest_route=\/wp\/v2\/types\/post"}],"author":[{"embeddable":true,"href":"https:\/\/www.fuldaernachrichten.de\/index.php?rest_route=\/wp\/v2\/users\/1"}],"replies":[{"embeddable":true,"href":"https:\/\/www.fuldaernachrichten.de\/index.php?rest_route=%2Fwp%2Fv2%2Fcomments&post=101452"}],"version-history":[{"count":0,"href":"https:\/\/www.fuldaernachrichten.de\/index.php?rest_route=\/wp\/v2\/posts\/101452\/revisions"}],"wp:attachment":[{"href":"https:\/\/www.fuldaernachrichten.de\/index.php?rest_route=%2Fwp%2Fv2%2Fmedia&parent=101452"}],"wp:term":[{"taxonomy":"category","embeddable":true,"href":"https:\/\/www.fuldaernachrichten.de\/index.php?rest_route=%2Fwp%2Fv2%2Fcategories&post=101452"},{"taxonomy":"post_tag","embeddable":true,"href":"https:\/\/www.fuldaernachrichten.de\/index.php?rest_route=%2Fwp%2Fv2%2Ftags&post=101452"}],"curies":[{"name":"wp","href":"https:\/\/api.w.org\/{rel}","templated":true}]}}