{"id":101444,"date":"2012-08-30T00:11:03","date_gmt":"2012-08-30T00:11:03","guid":{"rendered":"http:\/\/www.fuldaer-nachrichten.de\/?p=101444"},"modified":"2012-08-29T12:11:32","modified_gmt":"2012-08-29T12:11:32","slug":"zusatzforderung-fur-zehn-fuldaer-kindertageseinrichtungen-2","status":"publish","type":"post","link":"https:\/\/www.fuldaernachrichten.de\/?p=101444","title":{"rendered":"Zusatzf\u00f6rderung f\u00fcr zehn Fuldaer Kindertageseinrichtungen"},"content":{"rendered":"<p>Fulda (cp). \u201eDie Stadt Fulda begr\u00fc\u00dft ausdr\u00fccklich zus\u00e4tzliche F\u00f6rderangebote in den Kindertageseinrichtungen, so dass wir diese auch besonders unterst\u00fctzen m\u00f6chten\u201c, erkl\u00e4rt Oberb\u00fcrgermeister Gerhard M\u00f6ller. Die st\u00e4dtischen Gremien hatten \u2013 wie auch schon in den letzten Jahren \u2013 f\u00fcr das Kindergartenjahr 2012\/2013 eine Gesamtsumme von 100.000 Euro f\u00fcr Einrichtungen, die in Stadtteilen mit einer hohen sozialen Belastung liegen, zur Verf\u00fcgung gestellt. In diesem Jahr haben sich 12 Einrichtungen um die F\u00f6rderung von jeweils 10.000 Euro beworben, die anhand festgelegter Kriterien f\u00fcr zehn Kindertagesst\u00e4tten bewilligt worden ist.<!--more--><br \/>\n<strong>Vielf\u00e4ltige F\u00f6rderangebote<\/strong><br \/>\n\u201eKinder sind die Zukunft unserer Stadt und sie k\u00f6nnen von diesen tollen Projekten der verschiedenen Einrichtungen erheblich profitieren\u201c, betont B\u00fcrgermeister und Jugenddezernent Dr. Dippel und verweist zugleich auf die positive Resonanz der Antragssteller in den letzten Jahren. Die bewilligten Angebote sind vielf\u00e4ltig und erstrecken sich von Sprach-, Kunst- und Gesundheitsf\u00f6rderung \u00fcber Sozialraumorientierung bis hin zu Eltern- und \u00d6ffentlichkeitsarbeit sowie Garten- und Familienprojekten. Somit setzen die Kitas nach Aussage des B\u00fcrgermeisters individuelle Schwerpunkte und k\u00f6nnen dadurch die Weiterentwicklung der Kinder in bestimmten Bereichen gezielt voranbringen. Folgende Kindertageseinrichtungen erhalten in diesem Jahr die Zusatzf\u00f6rderung: St. Sturmius, St. Paulus, St. Elisabeth, Lutherkirche, Sonnenschein, Weltentdecker, Maria Ward, Hobbits, St. Lukas und St. Blasius.<\/p>\n","protected":false},"excerpt":{"rendered":"<div class=\"tmnf_excerpt\"><p>Fulda (cp). \u201eDie Stadt Fulda begr\u00fc\u00dft ausdr\u00fccklich zus\u00e4tzliche F\u00f6rderangebote in den Kindertageseinrichtungen, so dass wir diese auch besonders unterst\u00fctzen m\u00f6chten\u201c, erkl\u00e4rt Oberb\u00fcrgermeister Gerhard M\u00f6ller. Die st\u00e4dtischen Gremien hatten \u2013 wie auch schon in den letzten Jahren \u2013 f\u00fcr das Kindergartenjahr 2012\/2013 eine Gesamtsumme von 100.000 Euro f\u00fcr Einrichtungen, die in Stadtteilen mit einer hohen sozialen &hellip;<\/p>\n<\/div>","protected":false},"author":1,"featured_media":0,"comment_status":"closed","ping_status":"closed","sticky":false,"template":"","format":"standard","meta":{"footnotes":""},"categories":[1,53],"tags":[],"class_list":["post-101444","post","type-post","status-publish","format-standard","hentry","category-startseite","category-bildung"],"_links":{"self":[{"href":"https:\/\/www.fuldaernachrichten.de\/index.php?rest_route=\/wp\/v2\/posts\/101444","targetHints":{"allow":["GET"]}}],"collection":[{"href":"https:\/\/www.fuldaernachrichten.de\/index.php?rest_route=\/wp\/v2\/posts"}],"about":[{"href":"https:\/\/www.fuldaernachrichten.de\/index.php?rest_route=\/wp\/v2\/types\/post"}],"author":[{"embeddable":true,"href":"https:\/\/www.fuldaernachrichten.de\/index.php?rest_route=\/wp\/v2\/users\/1"}],"replies":[{"embeddable":true,"href":"https:\/\/www.fuldaernachrichten.de\/index.php?rest_route=%2Fwp%2Fv2%2Fcomments&post=101444"}],"version-history":[{"count":0,"href":"https:\/\/www.fuldaernachrichten.de\/index.php?rest_route=\/wp\/v2\/posts\/101444\/revisions"}],"wp:attachment":[{"href":"https:\/\/www.fuldaernachrichten.de\/index.php?rest_route=%2Fwp%2Fv2%2Fmedia&parent=101444"}],"wp:term":[{"taxonomy":"category","embeddable":true,"href":"https:\/\/www.fuldaernachrichten.de\/index.php?rest_route=%2Fwp%2Fv2%2Fcategories&post=101444"},{"taxonomy":"post_tag","embeddable":true,"href":"https:\/\/www.fuldaernachrichten.de\/index.php?rest_route=%2Fwp%2Fv2%2Ftags&post=101444"}],"curies":[{"name":"wp","href":"https:\/\/api.w.org\/{rel}","templated":true}]}}