{"id":101443,"date":"2012-08-29T12:10:47","date_gmt":"2012-08-29T12:10:47","guid":{"rendered":"http:\/\/www.fuldaer-nachrichten.de\/?p=101443"},"modified":"2012-08-29T12:10:47","modified_gmt":"2012-08-29T12:10:47","slug":"sozialminister-stefan-gruttner-kundigt-zweite-stufe-des-programms-initiative-inklusion-an","status":"publish","type":"post","link":"https:\/\/www.fuldaernachrichten.de\/?p=101443","title":{"rendered":"Sozialminister Stefan Gr\u00fcttner k\u00fcndigt zweite Stufe des Programms &#8220;Initiative Inklusion&#8221; an"},"content":{"rendered":"<p>Wiesbaden. Die Hessische Landesregierung verbessert die Chancen von Menschen mit Behinderungen auf dem allgemeinen Arbeitsmarkt. Der Hessische Sozialminister Stefan Gr\u00fcttner gab heute in Wiesbaden den Startschuss zur Umsetzung des zweiten Bausteins des Bund-L\u00e4nder-Programms &#8220;Initiative Inklusion&#8221;, mit dem die Teilhabe schwerbehinderter Menschen am Arbeitsleben gef\u00f6rdert werden soll. <!--more--><\/p>\n<p>&#8220;Im Mittelpunkt der ,Initiative Inklusion&#8217; steht die Berufsorientierung von schwerbehinderten Menschen. Mit dem zweiten Baustein des Programms sollen Ausbildungspl\u00e4tze f\u00fcr Jugendliche mit Behinderungen in anerkannten Ausbildungsberufen geschaffen werden&#8221;, erl\u00e4uterte Gr\u00fcttner. F\u00fcr einen guten Start in den Beruf sei die richtige Berufswahl Voraussetzung. &#8220;Nur wenn die Anforderungen des sp\u00e4teren Arbeitsplatzes und das Qualifikationsprofil der schwerbehinderten Bewerberin oder des schwerbehinderten Bewerbers zusammenpassen, kann eine langfristige Besch\u00e4ftigung gelingen.&#8221;<\/p>\n<p>Mit dem zweiten Baustein der &#8220;Initiative Inklusion&#8221; sollen in Hessen jugendliche Auszubildende und deren Betriebe gef\u00f6rdert werden. Unterst\u00fctzt werden Jugendlichen mit Behinderungen, die ihren Hauptwohnsitz in Hessen und das 27. Lebensjahr noch nicht vollendet haben sowie einen Schwerbehindertenausweis besitzen oder von der Agentur f\u00fcr Arbeit gleichgestellt sind.<\/p>\n<p>&#8220;Die ,Initiative Inklusion&#8217; ist ein wichtiges Signal an junge Menschen. Die Regionaldirektion Hessen nimmt ihren sozialpolitischen Auftrag ernst und investiert jedes Jahr erhebliche Summen in die Unterst\u00fctzung von Menschen mit Behinderungen in Schulen, bei der Ausbildung und in Besch\u00e4ftigung. Angesichts der Besch\u00e4ftigungsquote von rund f\u00fcnf Prozent in Hessen sind wir damit noch lange nicht am Ende unserer Bem\u00fchungen. Der zuk\u00fcnftige Bedarf an Arbeitskr\u00e4ften wird hoffentlich zu einem Umdenken vieler Betriebe f\u00fchren und mehr Chancen auf einen regul\u00e4ren Arbeitsplatz f\u00fcr jungen Menschen mit Behinderungen bringen. Es ist an der Zeit, dass wir als Gesellschaft st\u00e4rker die Teilhabe und weniger die Separation f\u00f6rdern und Menschen mit Behinderungen die Unterst\u00fctzung zukommen lassen, die sie brauchen&#8221;, erkl\u00e4rte Dr. Frank Martin, Leiter der Regionaldirektion Hessen.<\/p>\n<p>Die F\u00f6rderung im zweiten Baustein der &#8220;Initiative Inklusion&#8221; in Hessen bestehe aus zwei Komponenten, stellte Sozialminister Gr\u00fcttner dar. So werde zum einen daf\u00fcr Sorge getragen, dass eine Ausbildungsbegleitung f\u00fcr die Ausbildungsbetriebe eingerichtet wird, die bei der Inklusion der Auszubildenden mit Behinderungen umfassend unterst\u00fctzt. Zum anderen gebe es die M\u00f6glichkeit, f\u00fcr die Dauer der Umsetzungsphase des zweiten Bausteins der &#8220;Initiative Inklusion&#8221; eine Inklusionspr\u00e4mie in H\u00f6he von bis zu 10.000 Euro zus\u00e4tzlich zu den gesetzlichen F\u00f6rderleistungen zu bekommen.<\/p>\n<p>&#8220;Wie bereits bei der Umsetzung des ersten Bausteins der ,Initiative Inklusion&#8217; setzt Hessen als einziges Bundesland auf die Erfahrungen der Berufsbildungswerke Nord- und S\u00fcdhessen, die ihre \u00fcber Jahrzehnte erworbenen Kompetenzen im Bereich der erfolgreichen beruflichen Orientierung, Berufsausbildung und -integration junger Menschen mit Behinderungen in den Prozess einbrachten&#8221;, hob Gr\u00fcttner hervor. Auch beim zweiten Baustein der &#8220;Initiative Inklusion&#8221; werde Hessen eng mit den Berufsbildungswerken zusammen arbeiten. &#8220;Die beiden Berufsbildungswerke werden die Jugendlichen mit Behinderungen intensiv begleiten und den potentiellen Auszubildenden und ihren m\u00f6glichen k\u00fcnftigen Arbeitgebern bei der Realisierung der Ausbildungspl\u00e4tze zur Seite stehen.&#8221;<\/p>\n<p>&#8220;Wir sind sowohl f\u00fcr die Betriebe als auch die Auszubildenden da &#8211; ob es um die passende Besetzung der Ausbildungspl\u00e4tze geht oder um individuelle Probleml\u00f6sungen&#8221;, erkl\u00e4rte Ren\u00e9e Seehof, Gesch\u00e4ftsf\u00fchrerin des Berufsbildungswerks S\u00fcdhessen. &#8220;So sollen Ausbildungsverh\u00e4ltnisse nicht nur entstehen, sondern auch m\u00f6glichst ohne Abbr\u00fcche verlaufen und im Anschluss in eine Besch\u00e4ftigung am allgemeinen Arbeitsmarkt m\u00fcnden.&#8221;<\/p>\n<p>&#8220;In einer inklusiven Gesellschaft ist f\u00fcr die inklusive Ausbildung ein wichtiger Bestandteil und bietet zahlreiche Chancen f\u00fcr junge Menschen mit Behinderungen und Betriebe. Wir werden die Chance nutzen, alle Beteiligten unterst\u00fctzen und gemeinsam zeigen, dass inklusive Ausbildung funktioniert und f\u00fcr alle ein Gewinn ist&#8221;, freute sich Helmut Hausmann, Leiter des Berufsbildungswerks Nordhessen, \u00fcber die Beteiligung des Berufsbildungswerks auch am zweiten Baustein der &#8220;Initiative Inklusion&#8221; in Hessen.<\/p>\n<p>Im Dezember 2011 hatte Hessen mit der Umsetzung des ersten Bausteins die Verwirklichung des Bund-L\u00e4nder-Programmes &#8220;Initiative Inklusion&#8221; begonnen. Das Programm wird durch den Ausgleichfonds bundesweit mit insgesamt 100 Millionen Euro finanziert. Der Ausgleichsfonds speist sich aus Mittel der Ausgleichsabgaben, die die L\u00e4nder von Arbeitgebern erheben, welche die Pflichtquote nach \u00c2\u00a7 71 SGB IX nicht erf\u00fcllen. F\u00fcr Hessen stehen f\u00fcr die &#8220;Initiative Inklusion&#8221; insgesamt 8 Millionen Euro f\u00fcr den Zeitraum 2012 bis 2016 zur Verf\u00fcgung.<\/p>\n<p><strong>Die &#8220;Initiative Inklusion&#8221; besteht aus folgenden Bausteinen:<\/strong><br \/>\nBaustein 1: Berufsorientierung schwerbehinderter Sch\u00fclerinnen und Sch\u00fcler: Gef\u00f6rdert werden Strukturen und Angebote, die Sch\u00fclerinnen und Sch\u00fclern mit sonderp\u00e4dagogischem F\u00f6rderbedarf bessere M\u00f6glichkeiten f\u00fcr eine berufliche Orientierung bieten. Zielgruppe in Hessen sind insbesondere Sch\u00fclerinnen und Sch\u00fcler mit den F\u00f6rderschwerpunkten Sinnesbehinderung, K\u00f6rperbehinderung oder geistige Entwicklung. Der Baustein 1 hat eine Laufzeit von 2011 bis 2014.<\/p>\n<p>Baustein 2: Betriebliche Ausbildung schwerbehinderter Jugendlicher: Ziel ist, Ausbildungspl\u00e4tze f\u00fcr Jugendliche mit Behinderungen in anerkannten Ausbildungsberufen zu schaffen. Der Baustein 2 hat eine Laufzeit von 2011 bis 2016. Ber\u00fccksichtigt werden k\u00f6nnen Ausbildungsverh\u00e4ltnisse, die bis zum 31. Dezember 2013 beginnen. R\u00fcckwirkend k\u00f6nnen auch Ausbildungsverh\u00e4ltnisse ber\u00fccksichtigt werden, die in 2011 begonnen wurden.<\/p>\n<p>Baustein 3: Arbeitspl\u00e4tze f\u00fcr \u00e4ltere arbeitslose oder arbeitsuchende schwerbehinderte Menschen: Arbeitslose oder arbeitsuchende Menschen mit Behinderungen \u00fcber 50 Jahre sollen verst\u00e4rkt in den Arbeitsmarkt integriert werden. Der Baustein 3 wird voraussichtlich zum Ende des Jahres umgesetzt.<\/p>\n<p>&#8220;Die ,Initiative Inklusion&#8217; kann nur in Kooperation mit allen am Eingliederungsprozess Beteiligten gelingen. So k\u00f6nnen wir zeigen, dass und wie die Inklusion von Menschen mit Behinderungen in den allgemeinen Arbeitsmarkt gelingen kann&#8221;, betonte Sozialminister Gr\u00fcttner abschlie\u00dfend.<\/p>\n<p>Weitere Informationen zur &#8220;Initiative Inklusion&#8221; stehen unter www.hsm.hessen.de (Arbeit &amp; Soziales \/ Menschen mit Behinderungen \/ Initiative Inklusion) oder www.bbw-suedhessen.de.<\/p>\n","protected":false},"excerpt":{"rendered":"<div class=\"tmnf_excerpt\"><p>Wiesbaden. Die Hessische Landesregierung verbessert die Chancen von Menschen mit Behinderungen auf dem allgemeinen Arbeitsmarkt. Der Hessische Sozialminister Stefan Gr\u00fcttner gab heute in Wiesbaden den Startschuss zur Umsetzung des zweiten Bausteins des Bund-L\u00e4nder-Programms &#8220;Initiative Inklusion&#8221;, mit dem die Teilhabe schwerbehinderter Menschen am Arbeitsleben gef\u00f6rdert werden soll.<\/p>\n<\/div>","protected":false},"author":1,"featured_media":0,"comment_status":"closed","ping_status":"closed","sticky":false,"template":"","format":"standard","meta":{"footnotes":""},"categories":[1,53,29],"tags":[],"class_list":["post-101443","post","type-post","status-publish","format-standard","hentry","category-startseite","category-bildung","category-politik"],"_links":{"self":[{"href":"https:\/\/www.fuldaernachrichten.de\/index.php?rest_route=\/wp\/v2\/posts\/101443","targetHints":{"allow":["GET"]}}],"collection":[{"href":"https:\/\/www.fuldaernachrichten.de\/index.php?rest_route=\/wp\/v2\/posts"}],"about":[{"href":"https:\/\/www.fuldaernachrichten.de\/index.php?rest_route=\/wp\/v2\/types\/post"}],"author":[{"embeddable":true,"href":"https:\/\/www.fuldaernachrichten.de\/index.php?rest_route=\/wp\/v2\/users\/1"}],"replies":[{"embeddable":true,"href":"https:\/\/www.fuldaernachrichten.de\/index.php?rest_route=%2Fwp%2Fv2%2Fcomments&post=101443"}],"version-history":[{"count":0,"href":"https:\/\/www.fuldaernachrichten.de\/index.php?rest_route=\/wp\/v2\/posts\/101443\/revisions"}],"wp:attachment":[{"href":"https:\/\/www.fuldaernachrichten.de\/index.php?rest_route=%2Fwp%2Fv2%2Fmedia&parent=101443"}],"wp:term":[{"taxonomy":"category","embeddable":true,"href":"https:\/\/www.fuldaernachrichten.de\/index.php?rest_route=%2Fwp%2Fv2%2Fcategories&post=101443"},{"taxonomy":"post_tag","embeddable":true,"href":"https:\/\/www.fuldaernachrichten.de\/index.php?rest_route=%2Fwp%2Fv2%2Ftags&post=101443"}],"curies":[{"name":"wp","href":"https:\/\/api.w.org\/{rel}","templated":true}]}}