{"id":101437,"date":"2012-08-30T00:10:16","date_gmt":"2012-08-30T00:10:16","guid":{"rendered":"http:\/\/www.fuldaer-nachrichten.de\/?p=101437"},"modified":"2012-08-29T12:05:05","modified_gmt":"2012-08-29T12:05:05","slug":"6-diozesaner-kinderchortag-in-fulda-pontifikalamt-mit-weihbischof-diez","status":"publish","type":"post","link":"https:\/\/www.fuldaernachrichten.de\/?p=101437","title":{"rendered":"6. di\u00f6zesaner Kinderchortag in Fulda \u2013  Pontifikalamt mit Weihbischof Diez"},"content":{"rendered":"<p><strong>Fulda\/Hanau\/Marburg\/Kassel <\/strong>(bpf). Am Sonntag, 2. September, findet der 6. Kinderchortag im Bistum Fulda statt. Um 11.30 Uhr wird Weihbischof Prof. Dr. Karlheinz Diez mit Kindern aus neun Ch\u00f6ren des Bistums ein Pontifikalamt im Hohen Dom zu Fulda feiern. Auf dem Programm stehen Lieder und Chorst\u00fccke f\u00fcr Kinder und die ganze Gemeinde. Es sind besonders Kinder eingeladen, die gerne singen. Weitere Informationen beim Bisch\u00f6flichen Kirchenmusikinstitut, Tel. 0661\/87-268, E-Mail: <a href=\"mailto:kirchenmusik@bistum-fulda.de\">kirchenmusik@bistum-fulda.de<\/a>.<\/p>\n<p>&nbsp;<\/p>\n","protected":false},"excerpt":{"rendered":"<div class=\"tmnf_excerpt\"><p>Fulda\/Hanau\/Marburg\/Kassel (bpf). Am Sonntag, 2. September, findet der 6. Kinderchortag im Bistum Fulda statt. Um 11.30 Uhr wird Weihbischof Prof. Dr. Karlheinz Diez mit Kindern aus neun Ch\u00f6ren des Bistums ein Pontifikalamt im Hohen Dom zu Fulda feiern. Auf dem Programm stehen Lieder und Chorst\u00fccke f\u00fcr Kinder und die ganze Gemeinde. Es sind besonders Kinder &hellip;<\/p>\n<\/div>","protected":false},"author":1,"featured_media":0,"comment_status":"closed","ping_status":"closed","sticky":false,"template":"","format":"standard","meta":{"footnotes":""},"categories":[1,50],"tags":[],"class_list":["post-101437","post","type-post","status-publish","format-standard","hentry","category-startseite","category-kirche"],"_links":{"self":[{"href":"https:\/\/www.fuldaernachrichten.de\/index.php?rest_route=\/wp\/v2\/posts\/101437","targetHints":{"allow":["GET"]}}],"collection":[{"href":"https:\/\/www.fuldaernachrichten.de\/index.php?rest_route=\/wp\/v2\/posts"}],"about":[{"href":"https:\/\/www.fuldaernachrichten.de\/index.php?rest_route=\/wp\/v2\/types\/post"}],"author":[{"embeddable":true,"href":"https:\/\/www.fuldaernachrichten.de\/index.php?rest_route=\/wp\/v2\/users\/1"}],"replies":[{"embeddable":true,"href":"https:\/\/www.fuldaernachrichten.de\/index.php?rest_route=%2Fwp%2Fv2%2Fcomments&post=101437"}],"version-history":[{"count":0,"href":"https:\/\/www.fuldaernachrichten.de\/index.php?rest_route=\/wp\/v2\/posts\/101437\/revisions"}],"wp:attachment":[{"href":"https:\/\/www.fuldaernachrichten.de\/index.php?rest_route=%2Fwp%2Fv2%2Fmedia&parent=101437"}],"wp:term":[{"taxonomy":"category","embeddable":true,"href":"https:\/\/www.fuldaernachrichten.de\/index.php?rest_route=%2Fwp%2Fv2%2Fcategories&post=101437"},{"taxonomy":"post_tag","embeddable":true,"href":"https:\/\/www.fuldaernachrichten.de\/index.php?rest_route=%2Fwp%2Fv2%2Ftags&post=101437"}],"curies":[{"name":"wp","href":"https:\/\/api.w.org\/{rel}","templated":true}]}}