{"id":101433,"date":"2012-08-29T00:09:48","date_gmt":"2012-08-29T00:09:48","guid":{"rendered":"http:\/\/www.fuldaer-nachrichten.de\/?p=101433"},"modified":"2012-08-28T19:53:38","modified_gmt":"2012-08-28T19:53:38","slug":"uber-100-jugendliche-engagieren-sich-im-freiwilligendienst-201213","status":"publish","type":"post","link":"https:\/\/www.fuldaernachrichten.de\/?p=101433","title":{"rendered":"\u00dcber 100 Jugendliche engagieren sich im Freiwilligendienst 2012\/13"},"content":{"rendered":"<p><a href=\"http:\/\/www.fuldaer-nachrichten.de\/wp-content\/uploads\/2012\/08\/Begru\u00cc\u02c6\u00dfungstag-2012-080.jpg\"><img fetchpriority=\"high\" decoding=\"async\" class=\"alignnone size-full wp-image-101434\" title=\"Begru\u00cc\u02c6\u00dfungstag-2012-080\" src=\"http:\/\/www.fuldaer-nachrichten.de\/wp-content\/uploads\/2012\/08\/Begru\u00cc\u02c6\u00dfungstag-2012-080.jpg\" alt=\"\" width=\"560\" height=\"414\" \/><\/a><\/p>\n<p>Fulda\/K\u00fcnzell. Mit einem abwechslungsreichen Programm begr\u00fc\u00dfte der Bund der Deutschen Katholischen Jugend (BDKJ) Fulda gemeinsam mit dem Caritasverband f\u00fcr die Di\u00f6zese Fulda (DiCV) am vergangenen Samstag, den 25.08.2012, im Thomas-Morus-Haus der Pfarrgemeinde St. Antonius in K\u00fcnzell die \u00fcber 100 Freiwilligen im Freiwilligen Sozialen Jahr und Bundesfreiwilligendienst.<!--more--><br \/>\nDen Auftakt zum diesj\u00e4hrigen Begr\u00fc\u00dfungstag bildete der Festgottesdienst, der von Monsignore Christof Steinert unter Mitwirkung von zahlreichen ehemaligen Freiwilligen zelebriert wurde. Anschlie\u00dfend begr\u00fc\u00dfte die Di\u00f6zesanvorsitzende des BDKJ, Katharina Schick, die zahlreichen G\u00e4ste und zeigte sich sehr erfreut \u00fcber das gro\u00dfe Interesse der jungen Menschen an den katholischen Freiwilligendiensten. Armin Schomberg, Ressortleiter soziale Dienste des Di\u00f6zensanen Caritasverbandes Fulda, richtetet ebenfalls Gru\u00dfworte an die Freiwilligen und deren Familien und betonte dabei besonders die \u201eWin-Win-Situation\u201c, die sich f\u00fcr Freiwillige und soziale Einrichtungen im Bistum Fulda aus dem Angebot der Freiwilligendienste ergibt.<\/p>\n<p>\u201eIhr werdet viele neue Erfahrungen sammeln, die eure Denkweise ver\u00e4ndern und euch zu neuen Ufern bringen\u201c, ermutigten ehemalige Freiwillige des vergangenen Jahrgangs die neuen Freiwilligen f\u00fcr deren T\u00e4tigkeiten in den sozialen Einrichtungen. Die ehemaligen Freiwilligen gestalteten einige Programmpunkte f\u00fcr die \u201eNeulinge\u201c. In unterschiedlichen Workshops berichteten sie von ihren zahlreichen Erfahrungen, gaben den Freiwilligen Ratschl\u00e4ge mit auf den Weg und erm\u00f6glichten ihnen einen Einblick in die Bildungsarbeit.<\/p>\n<p>Christine Wingenfeld, Referentin f\u00fcr Freiwilligendienste beim BDKJ beschreibt das Potential eines Freiwilligendienstes folgenderma\u00dfen: \u201eNach dem Prinzip \u201elearning by doing\u201c entdecken Freiwillige durch das Engagement in den sozialen Einrichtungen ihre eigenen F\u00e4higkeiten, werden selbstst\u00e4ndiger und entwickeln f\u00fcr sich berufliche Perspektiven.\u201c Gemeinsam mit den Kolleginnen Anja Zilian, Antje Springer und Gabriele Krieg-Hartmann ist sie f\u00fcr die p\u00e4dagogische Begleitung der Freiwilligen zust\u00e4ndig und f\u00fchrt die Bildungsseminare durch.<\/p>\n<p>Ein Freiwilligendienst bietet die M\u00f6glichkeit wichtige soziale Kompetenzen zu erwerben und diese weiterzuentwickeln sowie pers\u00f6nliche und gesellschaftliche Verantwortung zu \u00fcbernehmen. Neben der praktischen T\u00e4tigkeit in den Einsatzstellen werden die Freiwilligen p\u00e4dagogisch begleitet. Eine zentrale Rolle spielen dabei die f\u00fcnf begleitenden Seminarwochen, die dem Freiwilligendienst einen besonderen Bildungscharakter verleihen.<\/p>\n<p>Derzeit stehen im ganzen Bistumsgebiet 120 Stellen im Freiwilligendienst zur Verf\u00fcgung, die noch nicht alle besetzt sind. Wer sich f\u00fcr einen Freiwilligendienst interessiert und noch vor der Frage steht, wie es nach dem Schulabschluss weitergeht, kann sich f\u00fcr einen 6-monatigen Freiwilligendienst bewerben.<\/p>\n<p>Mehr Infos zu Freiwilligendiensten im Bistum Fulda gibt es unter <a href=\"http:\/\/www.bdkj-fulda.de\" target=\"_blank\">www.bdkj-fulda.de<\/a><\/p>\n","protected":false},"excerpt":{"rendered":"<div class=\"tmnf_excerpt\"><p>Fulda\/K\u00fcnzell. Mit einem abwechslungsreichen Programm begr\u00fc\u00dfte der Bund der Deutschen Katholischen Jugend (BDKJ) Fulda gemeinsam mit dem Caritasverband f\u00fcr die Di\u00f6zese Fulda (DiCV) am vergangenen Samstag, den 25.08.2012, im Thomas-Morus-Haus der Pfarrgemeinde St. Antonius in K\u00fcnzell die \u00fcber 100 Freiwilligen im Freiwilligen Sozialen Jahr und Bundesfreiwilligendienst.<\/p>\n<\/div>","protected":false},"author":1,"featured_media":0,"comment_status":"closed","ping_status":"closed","sticky":false,"template":"","format":"standard","meta":{"footnotes":""},"categories":[1,72,50,78],"tags":[],"class_list":["post-101433","post","type-post","status-publish","format-standard","hentry","category-startseite","category-jugend","category-kirche","category-topthema"],"_links":{"self":[{"href":"https:\/\/www.fuldaernachrichten.de\/index.php?rest_route=\/wp\/v2\/posts\/101433","targetHints":{"allow":["GET"]}}],"collection":[{"href":"https:\/\/www.fuldaernachrichten.de\/index.php?rest_route=\/wp\/v2\/posts"}],"about":[{"href":"https:\/\/www.fuldaernachrichten.de\/index.php?rest_route=\/wp\/v2\/types\/post"}],"author":[{"embeddable":true,"href":"https:\/\/www.fuldaernachrichten.de\/index.php?rest_route=\/wp\/v2\/users\/1"}],"replies":[{"embeddable":true,"href":"https:\/\/www.fuldaernachrichten.de\/index.php?rest_route=%2Fwp%2Fv2%2Fcomments&post=101433"}],"version-history":[{"count":0,"href":"https:\/\/www.fuldaernachrichten.de\/index.php?rest_route=\/wp\/v2\/posts\/101433\/revisions"}],"wp:attachment":[{"href":"https:\/\/www.fuldaernachrichten.de\/index.php?rest_route=%2Fwp%2Fv2%2Fmedia&parent=101433"}],"wp:term":[{"taxonomy":"category","embeddable":true,"href":"https:\/\/www.fuldaernachrichten.de\/index.php?rest_route=%2Fwp%2Fv2%2Fcategories&post=101433"},{"taxonomy":"post_tag","embeddable":true,"href":"https:\/\/www.fuldaernachrichten.de\/index.php?rest_route=%2Fwp%2Fv2%2Ftags&post=101433"}],"curies":[{"name":"wp","href":"https:\/\/api.w.org\/{rel}","templated":true}]}}