{"id":101424,"date":"2012-08-29T00:16:42","date_gmt":"2012-08-29T00:16:42","guid":{"rendered":"http:\/\/www.fuldaer-nachrichten.de\/?p=101424"},"modified":"2012-08-28T19:44:24","modified_gmt":"2012-08-28T19:44:24","slug":"konzept-fur-inklusives-medienprojekt-auf-den-weg-gebracht","status":"publish","type":"post","link":"https:\/\/www.fuldaernachrichten.de\/?p=101424","title":{"rendered":"Konzept f\u00fcr inklusives Medienprojekt auf den Weg gebracht"},"content":{"rendered":"<p><a href=\"http:\/\/www.fuldaer-nachrichten.de\/wp-content\/uploads\/2012\/08\/DSCF3750.jpg\"><img fetchpriority=\"high\" decoding=\"async\" class=\"alignleft size-thumbnail wp-image-101425\" title=\"DSCF3750\" src=\"http:\/\/www.fuldaer-nachrichten.de\/wp-content\/uploads\/2012\/08\/DSCF3750-265x198.jpg\" alt=\"\" width=\"265\" height=\"198\" srcset=\"https:\/\/www.fuldaernachrichten.de\/wp-content\/uploads\/2012\/08\/DSCF3750-265x198.jpg 265w, https:\/\/www.fuldaernachrichten.de\/wp-content\/uploads\/2012\/08\/DSCF3750.jpg 600w\" sizes=\"(max-width: 265px) 100vw, 265px\" \/><\/a>Fulda. \u201eWas ist m\u00f6glich?\u201c so fragte Katharina Weber, die Projektleiterin des inklusiven Medienprojektes \u201eWer ist denn hier anders?!\u201c des AWO Kreisverbands Fulda die beteiligten Projektpartner schon am 28.Juni 2012. Daraufhin bildete sich eine Kommission, die die Ideen aller Partner in einem Konzept verarbeitete und zusammenfasste.<!--more--><br \/>\nKnapp eineinhalb Monate sp\u00e4ter, am 23. August 2012 liegt das Konzept vor und wurde im AWO Familientreff vorgestellt und diskutiert. Ziel ist es f\u00fcr Sch\u00fcler\/innen im Alter von 8 bis 12 Jahren\u00c2\u00a0 mit\/ohne Behinderung und\/oder Migrationshintergrund ab Februar 2013 medienp\u00e4dagogische Angebot im Freizeitbereich zu schaffen. Geplant sind Nachmittags-AG\u00e2\u20ac\u2122s an verschiedenen Schulen in Stadt und Landkreis,\u00c2\u00a0 in denen mit den Sch\u00fcler\/innen Ideen und Konzepte zu einem eigenen Film oder Theaterst\u00fcck entwickelt werden.\u00c2\u00a0 Dabei solle die Umgebung f\u00fcr die Thematik der \u201eInklusion\u201c sensibilisiert, Hemmschwellen im Umgang mit \u201eAnderen\u201c abgebaut und eigne Formen des Ausdruck gefunden und erprobt werden.<\/p>\n<p>Mit dieser Idee trifft das Projektb\u00fcndnis \u00fcberall auf offene Ohren,\u00c2\u00a0 schon innerhalb der Planungsphase wurde es bei der bei der Aktion Mensch als Modellprojekt ausgew\u00e4hlt. Weitere Informationen erhalten sie bei Katharina Weber unter 0661-480045-0 oder katharina.weber@awo-fulda.de.<\/p>\n","protected":false},"excerpt":{"rendered":"<div class=\"tmnf_excerpt\"><p>Fulda. \u201eWas ist m\u00f6glich?\u201c so fragte Katharina Weber, die Projektleiterin des inklusiven Medienprojektes \u201eWer ist denn hier anders?!\u201c des AWO Kreisverbands Fulda die beteiligten Projektpartner schon am 28.Juni 2012. Daraufhin bildete sich eine Kommission, die die Ideen aller Partner in einem Konzept verarbeitete und zusammenfasste.<\/p>\n<\/div>","protected":false},"author":1,"featured_media":0,"comment_status":"closed","ping_status":"closed","sticky":false,"template":"","format":"standard","meta":{"footnotes":""},"categories":[1],"tags":[],"class_list":["post-101424","post","type-post","status-publish","format-standard","hentry","category-startseite"],"_links":{"self":[{"href":"https:\/\/www.fuldaernachrichten.de\/index.php?rest_route=\/wp\/v2\/posts\/101424","targetHints":{"allow":["GET"]}}],"collection":[{"href":"https:\/\/www.fuldaernachrichten.de\/index.php?rest_route=\/wp\/v2\/posts"}],"about":[{"href":"https:\/\/www.fuldaernachrichten.de\/index.php?rest_route=\/wp\/v2\/types\/post"}],"author":[{"embeddable":true,"href":"https:\/\/www.fuldaernachrichten.de\/index.php?rest_route=\/wp\/v2\/users\/1"}],"replies":[{"embeddable":true,"href":"https:\/\/www.fuldaernachrichten.de\/index.php?rest_route=%2Fwp%2Fv2%2Fcomments&post=101424"}],"version-history":[{"count":0,"href":"https:\/\/www.fuldaernachrichten.de\/index.php?rest_route=\/wp\/v2\/posts\/101424\/revisions"}],"wp:attachment":[{"href":"https:\/\/www.fuldaernachrichten.de\/index.php?rest_route=%2Fwp%2Fv2%2Fmedia&parent=101424"}],"wp:term":[{"taxonomy":"category","embeddable":true,"href":"https:\/\/www.fuldaernachrichten.de\/index.php?rest_route=%2Fwp%2Fv2%2Fcategories&post=101424"},{"taxonomy":"post_tag","embeddable":true,"href":"https:\/\/www.fuldaernachrichten.de\/index.php?rest_route=%2Fwp%2Fv2%2Ftags&post=101424"}],"curies":[{"name":"wp","href":"https:\/\/api.w.org\/{rel}","templated":true}]}}