{"id":101422,"date":"2012-08-29T00:11:07","date_gmt":"2012-08-29T00:11:07","guid":{"rendered":"http:\/\/www.fuldaer-nachrichten.de\/?p=101422"},"modified":"2012-08-28T19:42:29","modified_gmt":"2012-08-28T19:42:29","slug":"msc-braach-luca-nappi-fur-finale-zur-deutschen-meisterschaft-qualifiziert","status":"publish","type":"post","link":"https:\/\/www.fuldaernachrichten.de\/?p=101422","title":{"rendered":"MSC Braach \u2013 Luca Nappi f\u00fcr Finale zur Deutschen Meisterschaft qualifiziert"},"content":{"rendered":"<p><a href=\"http:\/\/www.fuldaer-nachrichten.de\/wp-content\/uploads\/2012\/08\/Luca-Nappi.jpg\"><img decoding=\"async\" class=\"alignleft size-thumbnail wp-image-101423\" title=\"Luca Nappi\" src=\"http:\/\/www.fuldaer-nachrichten.de\/wp-content\/uploads\/2012\/08\/Luca-Nappi-265x182.jpg\" alt=\"\" width=\"265\" height=\"182\" srcset=\"https:\/\/www.fuldaernachrichten.de\/wp-content\/uploads\/2012\/08\/Luca-Nappi-265x182.jpg 265w, https:\/\/www.fuldaernachrichten.de\/wp-content\/uploads\/2012\/08\/Luca-Nappi.jpg 600w\" sizes=\"(max-width: 265px) 100vw, 265px\" \/><\/a>Alheim-Baumbach. Nachdem Luca Nappi bereits vorzeitig den Nordhessenmeistertitel einfahren konnte, hat er jetzt noch einen drauf gesetzt und sich f\u00fcr das Finale zur Deutschen Kart-Slalom-Meisterschaft qualifiziert. Hier treffen sich, dieses Jahr in Baden W\u00fcrttemberg (13.\/14.10.), die besten 30 Fahrer aus ganz Deutschland und Fahren den Deutschen Meister ihrer Altersklasse unter sich aus. <!--more-->Die L\u00e4ufe der Region Nordhessen sind nun alle absolviert. Die Bilanz f\u00fcr den MSC kann sich auch dieses Jahr sehen lassen. Neben Luca Nappi \u00c2\u00a0(Altersklasse 1) sind auch Ciro Nappi und Marcel Bremicker (beide Altersklasse 4) f\u00fcr die Endl\u00e4ufe zur Hessen-Th\u00fcringen-Meisterschaft qualifiziert. In der Nordhessenwertung hat es aber in der Klasse 4 leider nicht f\u00fcr den Meistertitel gereicht. Nachdem Ciro von Saisonstart an lange f\u00fchrte, l\u00f6ste ihn Marcel nach Saisonmitte ab. Zum Ende blieb hier der Vizenordhessenmeistertitel f\u00fcr Marcel. Ciro belegte den 5. Platz.<\/p>\n<p>\u201eBeide haben das Fahrk\u00f6nnen um ihre Klasse zu gewinnen\u201c, so Trainer Sven Bremicker. \u201eLeider spielt der Kopf nicht immer mit. Beim Kartslalom muss die Konzentration auf den Punkt da sein. Jede kleine Unaufmerksamkeit wirft die Fahrer um viele Pl\u00e4tze zur\u00fcck.\u201c<\/p>\n<p>Luca Pfromm (Altersklasse 4) belegte den 19. Platz in der Nordhessenwertung. Bianca Hahn und Jonas M\u00f6ller (beide Altersklasse 1) beendeten ihre erste Saison auf den Pl\u00e4tzen 19 und 18.<\/p>\n<p>Am 09. September steht nun der erste von insgesamt vier Endl\u00e4ufen zur ADAC-Hessen-Th\u00fcringen Meisterschaft auf dem Programm. Wenn die Kids vom MSC einen guten Tag haben, ist auch hier mit Podestpl\u00e4tzen zu rechnen.<\/p>\n<p>Philipp Kerber, der im Kart-Slalom 2000 die Fahne des MSC hochh\u00e4lt, liegt nach 6 von 8 Saisonl\u00e4ufen auf dem guten 12. Platz.<\/p>\n<p>&nbsp;<\/p>\n","protected":false},"excerpt":{"rendered":"<div class=\"tmnf_excerpt\"><p>Alheim-Baumbach. Nachdem Luca Nappi bereits vorzeitig den Nordhessenmeistertitel einfahren konnte, hat er jetzt noch einen drauf gesetzt und sich f\u00fcr das Finale zur Deutschen Kart-Slalom-Meisterschaft qualifiziert. Hier treffen sich, dieses Jahr in Baden W\u00fcrttemberg (13.\/14.10.), die besten 30 Fahrer aus ganz Deutschland und Fahren den Deutschen Meister ihrer Altersklasse unter sich aus.<\/p>\n<\/div>","protected":false},"author":1,"featured_media":0,"comment_status":"closed","ping_status":"closed","sticky":false,"template":"","format":"standard","meta":{"footnotes":""},"categories":[1,35],"tags":[],"class_list":["post-101422","post","type-post","status-publish","format-standard","hentry","category-startseite","category-auto"],"_links":{"self":[{"href":"https:\/\/www.fuldaernachrichten.de\/index.php?rest_route=\/wp\/v2\/posts\/101422","targetHints":{"allow":["GET"]}}],"collection":[{"href":"https:\/\/www.fuldaernachrichten.de\/index.php?rest_route=\/wp\/v2\/posts"}],"about":[{"href":"https:\/\/www.fuldaernachrichten.de\/index.php?rest_route=\/wp\/v2\/types\/post"}],"author":[{"embeddable":true,"href":"https:\/\/www.fuldaernachrichten.de\/index.php?rest_route=\/wp\/v2\/users\/1"}],"replies":[{"embeddable":true,"href":"https:\/\/www.fuldaernachrichten.de\/index.php?rest_route=%2Fwp%2Fv2%2Fcomments&post=101422"}],"version-history":[{"count":0,"href":"https:\/\/www.fuldaernachrichten.de\/index.php?rest_route=\/wp\/v2\/posts\/101422\/revisions"}],"wp:attachment":[{"href":"https:\/\/www.fuldaernachrichten.de\/index.php?rest_route=%2Fwp%2Fv2%2Fmedia&parent=101422"}],"wp:term":[{"taxonomy":"category","embeddable":true,"href":"https:\/\/www.fuldaernachrichten.de\/index.php?rest_route=%2Fwp%2Fv2%2Fcategories&post=101422"},{"taxonomy":"post_tag","embeddable":true,"href":"https:\/\/www.fuldaernachrichten.de\/index.php?rest_route=%2Fwp%2Fv2%2Ftags&post=101422"}],"curies":[{"name":"wp","href":"https:\/\/api.w.org\/{rel}","templated":true}]}}