{"id":101417,"date":"2012-08-29T00:14:37","date_gmt":"2012-08-29T00:14:37","guid":{"rendered":"http:\/\/www.fuldaer-nachrichten.de\/?p=101417"},"modified":"2012-08-28T19:29:23","modified_gmt":"2012-08-28T19:29:23","slug":"besonderes-programm-der-musikschule-zum-semesterbeginn-fur-jeden-die-richtige-musikrichtung","status":"publish","type":"post","link":"https:\/\/www.fuldaernachrichten.de\/?p=101417","title":{"rendered":"Besonderes Programm der Musikschule zum Semesterbeginn &#8211; F\u00fcr jeden die richtige Musikrichtung"},"content":{"rendered":"<p>Fulda. \u201eIn der Musikschule der Stadt Fulda wird es ab Herbst kr\u00e4ftig grooven, denn neue Angebote werden den Rock\/Pop\/Jazz-Bereich st\u00e4rken. Vocals, Gitarre, Keyboards, Bass\u00c2\u00a0 und Drums sind die S\u00e4ulen f\u00fcr den Aufbau einer Band\u201c, so Christoph Stibor, Leiter der Musikschule, bei der Vorstellung des neuen Programms der Musikschule. <!--more--><br \/>\nLogisch, dass Songs gecovert werden, aber vor allem anderen soll das Kreative aus den jungen Talenten herausgekitzelt werden: sie k\u00f6nnen so ihren eigenen Style finden und von erfahrenen Bandmusikern die richtigen Tipps zur richtigen Zeit bekommen \u2013 immer auf Grundlage solider handwerklicher F\u00e4higkeiten und technisch auf H\u00f6he der Zeit. Das ist heute \u00fcbrigens nicht anders, als schon vor 300 Jahren. Start ist der 01. September 2012.<\/p>\n<p><strong>Schulkooperationen<\/strong><\/p>\n<p>Alle m\u00f6gen Musik, selbst die Wissenschaft ist sich \u00fcber die positiven Impulse f\u00fcr die Entwicklung von \u201eHerz, Hand und Hirn\u201c einig. Deshalb, so Kulturdezernent und Oberb\u00fcrgermeister Gerhard M\u00f6ller, geht die Musikschule der Stadt Fulda neue Wege: \u201eInteressierte Grundsch\u00fcler sollen in der 1. Klasse an ihrer eigenen Fuldaer Grundschule die M\u00f6glichkeit bekommen, in Randstunden (5. oder 6. Stunde) eine Musikalische Grundausbildung durch die Musikschule zu erhalten, wo sie unter anderem die verschiedenen Instrumentenfamilien kennenlernen. Selbstbau und Ausprobieren werden dabei ganz gro\u00df geschrieben, um schon fr\u00fch Vorlieben zu entdecken und das richtige Instrument zu finden\u201c. Im Anschluss bietet die Musikschule ab der 2. Klasse Instrumentalunterricht (nach M\u00f6glichkeit) vor Ort an, um die p\u00e4dagogische Nachmittagsbetreuung um ein hochwertiges Angebot zu erg\u00e4nzen, den Eltern Fahrwege zu ersparen und den Kindern den Einstieg ins Musizieren zu erleichtern.<\/p>\n<p>Grundschulen und Musikschule sind sich einig, dass dies trotz der Umbr\u00fcche in der Schullandschaft ein guter Weg ist, Fulda auch weiterhin musikalisch zu \u201eerhalten\u201c.<br \/>\nZum Konzept geh\u00f6rt auch die Fortsetzung an den weiterf\u00fchrenden Schulen. Neben l\u00e4ngst etablierten Kooperationen entstehen derzeit stetig neue Verbindungen mit dem langfristigen Ziel, Instrumental- und Vokalausbildung durch erfahrene Fachp\u00e4dagogen fest in der Bildungslandschaft zu verankern.<\/p>\n<p><strong>Eltern\/Kind-Gruppen<\/strong><\/p>\n<p>Mit altersgerecht konzipierten, gemeinsam mit einem Elternteil spielerisch gestalteten Musik- und Bewegungsstunden wird man seinem Kind nicht schaden, sondern im besten Alter seine Wahrnehmung f\u00fcr Kl\u00e4nge, Melodien und Rhythmen anregen. Fast beil\u00e4ufig erweitern die Eltern ihren Schatz an Kinderliedern, Abz\u00e4hlreimen und Fingerspielen, welche dann \u00fcber Generationen weitergegeben werden k\u00f6nnen. Die Eltern\/Kindgruppen werden in Altersstufen ab 0, ab 9 und ab 18 Monaten eingeteilt. Die n\u00e4chste Einstiegsm\u00f6glichkeit ist der 01. September 2012.<\/p>\n<p>Musikalische Fr\u00fcherziehung<\/p>\n<p>Im Alter von 4-6 Jahren sind Kinder in einem Entwicklungsstadium, wo der aktive Umgang mit Musik auf besonders fruchtbaren Boden f\u00e4llt. Das bedeutet nicht, dass die Kleinen schon Noten lernen und Et\u00fcden \u00fcben m\u00fcssen, sondern bezieht sich vor allem auf ihre nat\u00fcrliche Grundmusikalit\u00e4t. Das spielerische Bewusstmachen von musikalischen Grundelementen wie unterschiedlichen Tonh\u00f6hen, Tonl\u00e4ngen, Lautst\u00e4rken oder Rhythmen &#8211; immer gekoppelt an aktive Bewegungsspiele \u2013 wecken Emotionen und regen die kindliche Wahrnehmung zur feineren Differenzierung an, wodurch sie letztlich auch in anderen Bereichen Manches schneller auffassen k\u00f6nnen. Genau da setzt die musikalische Fr\u00fcherziehung an, welche sowohl im st\u00e4dtischen Musikschulgeb\u00e4ude, als auch in Kooperation mit einigen Kinderg\u00e4rten Fuldas in der jeweiligen Einrichtung angeboten wird. Ab 01. September 2012 starten wieder neue Kurse, um rechtzeitige Anmeldung wird gebeten.<\/p>\n<p><strong>Orientierungsphase \u2013 Kompass f\u00fcr Kinder<\/strong><\/p>\n<p>\u201eWir lieben Musik und m\u00f6chten unserem Kind Instrumentalunterricht erm\u00f6glichen, aber wir wissen nicht, woran es interessiert, vielleicht sogar talentiert sein k\u00f6nnte?\u201c Mit dieser Sorge stehen Eltern nicht alleine da, diese Entscheidung ist nicht leicht und f\u00e4llt umso schwerer, als sie die Kinder m\u00f6glicherweise ein Leben lang begleitet. Aus dieser \u00dcberlegung heraus ist in der Musikschule bereits vor Jahren die Idee geboren, die Orientierungsphase als Rahmen zum Ausprobieren einzurichten. In einem Schuljahr lernen die Kinder acht Instrumente kennen, f\u00fcr welche sie jeweils 4-5 Wochen Unterricht beim jeweiligen Fachlehrer bekommen, bevor sie reihum zum n\u00e4chsten Instrument rotieren. Am Ende des Jahres erfahren die Eltern dann von den Fachleuten, wo die individuellen Neigungen der Kinder liegen und haben damit eine fundierte Grundlage f\u00fcr eine Entscheidung. \u201eNat\u00fcrlich ist das nur als Empfehlung zu sehen, denn die Kinder sind ja noch mitten in der Entwicklung\u201c, so Stibor. Der neue Zyklus beginnt am 01. September 2012.<\/p>\n","protected":false},"excerpt":{"rendered":"<div class=\"tmnf_excerpt\"><p>Fulda. \u201eIn der Musikschule der Stadt Fulda wird es ab Herbst kr\u00e4ftig grooven, denn neue Angebote werden den Rock\/Pop\/Jazz-Bereich st\u00e4rken. Vocals, Gitarre, Keyboards, Bass\u00c2\u00a0 und Drums sind die S\u00e4ulen f\u00fcr den Aufbau einer Band\u201c, so Christoph Stibor, Leiter der Musikschule, bei der Vorstellung des neuen Programms der Musikschule.<\/p>\n<\/div>","protected":false},"author":1,"featured_media":0,"comment_status":"closed","ping_status":"closed","sticky":false,"template":"","format":"standard","meta":{"footnotes":""},"categories":[1,53],"tags":[],"class_list":["post-101417","post","type-post","status-publish","format-standard","hentry","category-startseite","category-bildung"],"_links":{"self":[{"href":"https:\/\/www.fuldaernachrichten.de\/index.php?rest_route=\/wp\/v2\/posts\/101417","targetHints":{"allow":["GET"]}}],"collection":[{"href":"https:\/\/www.fuldaernachrichten.de\/index.php?rest_route=\/wp\/v2\/posts"}],"about":[{"href":"https:\/\/www.fuldaernachrichten.de\/index.php?rest_route=\/wp\/v2\/types\/post"}],"author":[{"embeddable":true,"href":"https:\/\/www.fuldaernachrichten.de\/index.php?rest_route=\/wp\/v2\/users\/1"}],"replies":[{"embeddable":true,"href":"https:\/\/www.fuldaernachrichten.de\/index.php?rest_route=%2Fwp%2Fv2%2Fcomments&post=101417"}],"version-history":[{"count":0,"href":"https:\/\/www.fuldaernachrichten.de\/index.php?rest_route=\/wp\/v2\/posts\/101417\/revisions"}],"wp:attachment":[{"href":"https:\/\/www.fuldaernachrichten.de\/index.php?rest_route=%2Fwp%2Fv2%2Fmedia&parent=101417"}],"wp:term":[{"taxonomy":"category","embeddable":true,"href":"https:\/\/www.fuldaernachrichten.de\/index.php?rest_route=%2Fwp%2Fv2%2Fcategories&post=101417"},{"taxonomy":"post_tag","embeddable":true,"href":"https:\/\/www.fuldaernachrichten.de\/index.php?rest_route=%2Fwp%2Fv2%2Ftags&post=101417"}],"curies":[{"name":"wp","href":"https:\/\/api.w.org\/{rel}","templated":true}]}}