{"id":101410,"date":"2012-08-29T00:23:28","date_gmt":"2012-08-29T00:23:28","guid":{"rendered":"http:\/\/www.fuldaer-nachrichten.de\/?p=101410"},"modified":"2012-08-28T19:28:17","modified_gmt":"2012-08-28T19:28:17","slug":"seniorentagespflege-casa-serena-und-seniorenwohnanlage-st-elisabeth-ubergeben-und-gesegnet","status":"publish","type":"post","link":"https:\/\/www.fuldaernachrichten.de\/?p=101410","title":{"rendered":"Seniorentagespflege \u201eCasa Serena\u201c und \u201eSeniorenwohnanlage St. Elisabeth\u201c \u00fcbergeben und gesegnet"},"content":{"rendered":"<p><strong><a href=\"http:\/\/www.fuldaer-nachrichten.de\/wp-content\/uploads\/2012\/08\/Schwesternhaus-U\u00cc\u02c6bergabe-25-08-2012-026.jpg\"><img fetchpriority=\"high\" decoding=\"async\" class=\"alignleft size-thumbnail wp-image-101416\" title=\"Schwesternhaus-U\u00cc\u02c6bergabe-25-08-2012-026\" src=\"http:\/\/www.fuldaer-nachrichten.de\/wp-content\/uploads\/2012\/08\/Schwesternhaus-U\u00cc\u02c6bergabe-25-08-2012-026-265x198.jpg\" alt=\"\" width=\"265\" height=\"198\" \/><\/a>Poppenhausen (Wasserkuppe).<\/strong> Nach aufw\u00e4ndigem Umbau und einer grundhaften Sanierung des ehemaligen Schwesternhauses St. Elisabeth \u00c2\u00a0wurden am vergangenen Wochenende die beiden sozialen Einrichtungen Senioren-Tagespflege Casa Serena und die Anlage \u201eSeniorenwohnen St. Elisabeth\u201c in der Ortsmitte von Poppenhausen ihrer neuen Bestimmung \u00fcbergeben.<!--more--><\/p>\n<p>B\u00fcrgermeister Manfred Helfrich sagte zu Beginn des Festaktes: \u201eWenn der Musikverein C\u00e4cilia aufspielt, dann muss es einen besonderen Anlass daf\u00fcr geben!\u201c Zur Feierstunde mit Segnung konnte er zahlreiche G\u00e4ste begr\u00fc\u00dfen und willkommen hei\u00dfen. Sein Gru\u00df galt insbesondere dem Investor Architekt Jochen Hohmann und Heike Heil, Leiterin von Casa Serena. Die Geistlichkeit war durch die Pfarrer Ferdinand Rauch und Erwin Lachnit von der katholischen Kirchengemeinde St. Georg und Pfarrer Wolf-Benjamin Gittermann von der evangelischen Kirchengemeinde Dalherda-Poppenhausen vertreten.<\/p>\n<p><a href=\"http:\/\/www.fuldaer-nachrichten.de\/wp-content\/uploads\/2012\/08\/Schwesternhaus-U\u00cc\u02c6bergabe-25-08-2012-020.jpg\"><img decoding=\"async\" class=\"alignnone size-thumbnail wp-image-101415\" title=\"Schwesternhaus-U\u00cc\u02c6bergabe-25-08-2012-020\" src=\"http:\/\/www.fuldaer-nachrichten.de\/wp-content\/uploads\/2012\/08\/Schwesternhaus-U\u00cc\u02c6bergabe-25-08-2012-020-265x198.jpg\" alt=\"\" width=\"265\" height=\"198\" \/><\/a> <a href=\"http:\/\/www.fuldaer-nachrichten.de\/wp-content\/uploads\/2012\/08\/Schwesternhaus-U\u00cc\u02c6bergabe-25-08-2012-012.jpg\"><img decoding=\"async\" class=\"alignnone size-thumbnail wp-image-101412\" title=\"Schwesternhaus-U\u00cc\u02c6bergabe-25-08-2012-012\" src=\"http:\/\/www.fuldaer-nachrichten.de\/wp-content\/uploads\/2012\/08\/Schwesternhaus-U\u00cc\u02c6bergabe-25-08-2012-012-265x198.jpg\" alt=\"\" width=\"265\" height=\"198\" \/><\/a><\/p>\n<p>Eine besondere Freude war es, dass eine stattliche Abordnung der Schwestern des hl. Vinzenz von Paul der Einladung aus dem Rathaus gefolgt war. Darunter auch Sr. Gangolfa, eine der drei Stammschwestern, die im November 2010 aus Poppenhausen abberufen wurden. Zu den G\u00e4sten z\u00e4hlten auch B\u00fcrgermeister Peter Wolf aus Gersfeld und der Erste Beigeordnete Ulrich Herold von Ebersburg sowie weitere Vertreter von Hilfseinrichtungen, Sozialverb\u00e4nden und Senioreneinrichtungen.<\/p>\n<p><a href=\"http:\/\/www.fuldaer-nachrichten.de\/wp-content\/uploads\/2012\/08\/Schwesternhaus-U\u00cc\u02c6bergabe-25-08-2012-008.jpg\"><img loading=\"lazy\" decoding=\"async\" class=\"alignnone size-thumbnail wp-image-101411\" title=\"Schwesternhaus-U\u00cc\u02c6bergabe-25-08-2012-008\" src=\"http:\/\/www.fuldaer-nachrichten.de\/wp-content\/uploads\/2012\/08\/Schwesternhaus-U\u00cc\u02c6bergabe-25-08-2012-008-265x198.jpg\" alt=\"\" width=\"265\" height=\"198\" \/><\/a> <a href=\"http:\/\/www.fuldaer-nachrichten.de\/wp-content\/uploads\/2012\/08\/Schwesternhaus-U\u00cc\u02c6bergabe-25-08-2012-016.jpg\"><img loading=\"lazy\" decoding=\"async\" class=\"alignnone size-thumbnail wp-image-101413\" title=\"Schwesternhaus-U\u00cc\u02c6bergabe-25-08-2012-016\" src=\"http:\/\/www.fuldaer-nachrichten.de\/wp-content\/uploads\/2012\/08\/Schwesternhaus-U\u00cc\u02c6bergabe-25-08-2012-016-265x198.jpg\" alt=\"\" width=\"265\" height=\"198\" \/><\/a><\/p>\n<p>Der B\u00fcrgermeister freute sich, dass die am Neujahrsempfang 2009 erstmals \u00f6ffentlich ge\u00e4u\u00dferte Vision eines kleinen sozialen Zentrums in der Ortsmitte von Poppenhausen realisiert werden konnte. Dazu z\u00e4hlen der neue Kindergarten \u201eDas Entdeckernest\u201c mit Au\u00dfenanlage direkt neben dem ehemaligen Schwesternhaus, die katholische Kindertagesst\u00e4tte St. Elisabeth, die Station f\u00fcr Seniorentagespflege \u201eCasa Serena\u201c und die Seniorenwohnanlage \u201eSt. Elisabeth2 mit 14 Wohneinheiten.\u00c2\u00a0 W\u00e4hrend damals der eine oder andere an der Verwirklichung zweifelte, k\u00f6nnen wir uns heute \u00fcber die Realisierung freuen.<\/p>\n<p>So konnte ein Leer-Stand in der Ortsmitte vermieden werden, der Bereich stattdessen neu belebt werden und gleichzeitig die soziale Infrastruktur enorm verbessert werden. Der Ortskern sei um ein \u201eSchmuckst\u00fcck\u201c bereichert worden, so der B\u00fcrgermeister. Ein Dank ging auch an die politischen und kirchlichen Gremien, die mit ihren Beschl\u00fcssen den Weg f\u00fcr die Realisierung der Bauma\u00dfnahme frei gemacht hatten. Der B\u00fcrgermeister richtete ein besonderes Dankesch\u00f6n an das Sozialministerium des Landes Hessen mit Herrn Dr. Dr. Theisen f\u00fcr die finanzielle Unterst\u00fctzung, ohne die das Vorhaben nicht umgesetzt worden w\u00e4re.<\/p>\n<p>Besonders wertvoll sei dabei die Unterst\u00fctzung von Dr. Wingenfeld gewesen, der mit einem neuen Konzept erreicht habe, dass der Bedarf f\u00fcr eine Senioren-Tagespflege in Poppenhausen best\u00e4tigt werden konnte. Demnach werden in Weyhers beim Bruder-Konrad-Heim Demenzbegleiter\/-innen ausgebildet und demn\u00e4chst eine Seniorenbegegnungsst\u00e4tte errichtet. Im neuen ev. Senioren- und Pflegeheim werde statt einer Tagespflege eine Kurzzeitpflege angegliedert. So w\u00e4re die Rh\u00f6n in diesen Bereichen gut versorgt.<\/p>\n<p>Investor Jochen Hohmann erl\u00e4uterte in seiner Ansprache die Schwierigkeiten der \u00f6ffentlichen F\u00f6rderung und die Herausforderungen beim Umbau und der Sanierung der gro\u00dfen und ortsbildpr\u00e4genden Immobilie. Die Gesamtinvestition liege bei etwa 2 Mio. Euro. Er dankte f\u00fcr die au\u00dfergew\u00f6hnliche Unterst\u00fctzung aus dem Rathaus und die gute Zusammenarbeit, w\u00fcrdigte die Facharbeit der Handwerker und w\u00fcnschte den neuen Einrichtungen eine gute und wirtschaftliche Auslastung.<\/p>\n<p>Ab dem 01. November werden die 14 Seniorenwohnungen (barrierefrei und behindertengerecht), vorwiegend in einer Gr\u00f6\u00dfe von 50 \u2013 70 qm zum Bezug freigegeben. Einige Reservierungen liegen bereits vor, Interessierte k\u00f6nnte sich in seinem B\u00fcro oder im Rathaus melden. Heike Heil stellte sich und die Leistungen der Senioren-Tagespflege vor. Sie bedankte sich bei der Gemeindevertreterin Mechthild Bittighofer, die den Kontakt zum B\u00fcrgermeister hergestellt hatte und lobte den Investor daf\u00fcr, dass Ihre Vorschl\u00e4ge zum Raumkonzept aufgegriffen wurden. Die Nachfrage f\u00fcr die Tagespflege sei da, Anfang September k\u00f6nne sie bereits 2 Tage in der Woche er\u00f6ffnen.<\/p>\n<p><a href=\"http:\/\/www.fuldaer-nachrichten.de\/wp-content\/uploads\/2012\/08\/Schwesternhaus-U\u00cc\u02c6bergabe-25-08-2012-018.jpg\"><img loading=\"lazy\" decoding=\"async\" class=\"alignleft size-thumbnail wp-image-101414\" title=\"Schwesternhaus-U\u00cc\u02c6bergabe-25-08-2012-018\" src=\"http:\/\/www.fuldaer-nachrichten.de\/wp-content\/uploads\/2012\/08\/Schwesternhaus-U\u00cc\u02c6bergabe-25-08-2012-018-265x353.jpg\" alt=\"\" width=\"265\" height=\"353\" \/><\/a>Dr. Heiko Wingenfeld, der Erste Kreisbeigeordnete und Sozialdezernent des Landkreises Fulda, \u00fcbermittelte die Gr\u00fc\u00dfe und Gl\u00fcckw\u00fcnsche des Landkreises Fulda. Er stellte mit Anerkennung heraus, dass nur durch die Zielstrebigkeit und Hartn\u00e4ckigkeit aus dem Rathaus Poppenhausen die Realisierung der beiden Einrichtungen gelingen konnte. \u201eWas normalerweise mindestens 3 bis 4 Jahre Vorlauf und Bearbeitungszeit brauche, wurde in Poppenhausen innerhalb eines Jahres vorangetrieben\u201c, so Dr. Wingenfeld. Er freute sich dar\u00fcber, dass der soziale Geist, der seit \u00fcber 100 Jahre in dem Geb\u00e4udekomplex des ehemaligen Schwesternhauses wohnte, k\u00fcnftig auf eine andere Weise weitergetragen wird.<\/p>\n<p>Die Poppenhausener K\u00fcnstlerin Ina-Griet Raatz von-Hirschhausen trug anschlie\u00dfend ein Gedicht zum Thema \u201eGedanken zum Lebensherbst in der Rh\u00f6n\u201c vor. Originell gekleidet und mit schwungvollen Bewegungen war dies eine wirklich gelungene Einlage.<\/p>\n<p>Die beiden Pfarrer Ferdinand Rauch und Wolf-Benjamin Gittermann stellten in ihrer \u00f6kumenischen Segnungsfeier heraus, dass fast alle Menschen in irgendeiner Weise w\u00e4hrend des Lebens Hilfe sozialkaritativer Art bed\u00fcrfen. Respekt vor der W\u00fcrde des Menschen und der Geist christlicher Menschenliebe seien f\u00fcr das Handeln in diesen Einrichtungen von gro\u00dfem Wert. Zur Segnung \u00fcbergaben sie jeweils ein gesegnetes Holzkreuz an Frau Heike Heil und Herrn Jochen Hohmann. Mit dem Lied \u201eGro\u00dfer Gott wir loben dich\u00e2\u20ac\u00a6\u201c begleitet vom Musikverein C\u00e4cilia fand ein sch\u00f6ner Festakt seinen Abschluss.<\/p>\n<p>Das Angebot \u201eNachmittag der offenen T\u00fcr\u201c wurde von der heimischen Bev\u00f6lkerung und vielen weiteren Interessierten gerne genutzt, um sich ein Bild von den beiden Einrichtungen zu machen. Die \u201eHaderwalder Musikanten\u201c umrahmten das B\u00fcrgerfest mit Blasmusik und Gesang. Dazu wurden Getr\u00e4nke und leckere Grillgerichte gereicht.<\/p>\n<p>Es wurden mehrere Kontakte mit der Tagespflege und der Vermietung der Seniorenwohnungen hergestellt. \u201eMit einem Angebot wachse der Bedarf\u201c, zeigen sich B\u00fcrgermeister, Investor Jochen Hohmann und Heike Heil von Casa Serena zuversichtlich. Poppenhausen hat mit der Fertigstellung und \u00dcbergabe der Einrichtungen auf jeden Fall \u201egewonnen\u201c so die \u00fcbereinstimmende Meinung der Verantwortlichen, der Bev\u00f6lkerung\u00c2\u00a0 und der G\u00e4ste.<\/p>\n<p><strong>Kontakte: <\/strong><\/p>\n<p>Vermietung Wohneinheiten: B\u00fcro Jochen Hohmann\u00c2\u00a0 ( 0661\/9395-0<br \/>\nSeniorentagespflege: Heike Heil\u00c2\u00a0\u00c2\u00a0\u00c2\u00a0\u00c2\u00a0\u00c2\u00a0\u00c2\u00a0 \u00c2\u00a0\u00c2\u00a0\u00c2\u00a0\u00c2\u00a0\u00c2\u00a0\u00c2\u00a0\u00c2\u00a0\u00c2\u00a0\u00c2\u00a0\u00c2\u00a0\u00c2\u00a0\u00c2\u00a0\u00c2\u00a0\u00c2\u00a0\u00c2\u00a0\u00c2\u00a0\u00c2\u00a0\u00c2\u00a0\u00c2\u00a0\u00c2\u00a0\u00c2\u00a0\u00c2\u00a0\u00c2\u00a0\u00c2\u00a0\u00c2\u00a0\u00c2\u00a0\u00c2\u00a0\u00c2\u00a0\u00c2\u00a0\u00c2\u00a0\u00c2\u00a0( 0171\/2866019<br \/>\nKontakt Rathaus, B\u00fcrgermeister Manfred Helfrich\u00c2\u00a0\u00c2\u00a0\u00c2\u00a0\u00c2\u00a0\u00c2\u00a0 ( 06658\/9600-10<\/p>\n","protected":false},"excerpt":{"rendered":"<div class=\"tmnf_excerpt\"><p>Poppenhausen (Wasserkuppe). Nach aufw\u00e4ndigem Umbau und einer grundhaften Sanierung des ehemaligen Schwesternhauses St. Elisabeth \u00c2\u00a0wurden am vergangenen Wochenende die beiden sozialen Einrichtungen Senioren-Tagespflege Casa Serena und die Anlage \u201eSeniorenwohnen St. Elisabeth\u201c in der Ortsmitte von Poppenhausen ihrer neuen Bestimmung \u00fcbergeben.<\/p>\n<\/div>","protected":false},"author":1,"featured_media":0,"comment_status":"closed","ping_status":"closed","sticky":false,"template":"","format":"standard","meta":{"footnotes":""},"categories":[1,29],"tags":[],"class_list":["post-101410","post","type-post","status-publish","format-standard","hentry","category-startseite","category-politik"],"_links":{"self":[{"href":"https:\/\/www.fuldaernachrichten.de\/index.php?rest_route=\/wp\/v2\/posts\/101410","targetHints":{"allow":["GET"]}}],"collection":[{"href":"https:\/\/www.fuldaernachrichten.de\/index.php?rest_route=\/wp\/v2\/posts"}],"about":[{"href":"https:\/\/www.fuldaernachrichten.de\/index.php?rest_route=\/wp\/v2\/types\/post"}],"author":[{"embeddable":true,"href":"https:\/\/www.fuldaernachrichten.de\/index.php?rest_route=\/wp\/v2\/users\/1"}],"replies":[{"embeddable":true,"href":"https:\/\/www.fuldaernachrichten.de\/index.php?rest_route=%2Fwp%2Fv2%2Fcomments&post=101410"}],"version-history":[{"count":0,"href":"https:\/\/www.fuldaernachrichten.de\/index.php?rest_route=\/wp\/v2\/posts\/101410\/revisions"}],"wp:attachment":[{"href":"https:\/\/www.fuldaernachrichten.de\/index.php?rest_route=%2Fwp%2Fv2%2Fmedia&parent=101410"}],"wp:term":[{"taxonomy":"category","embeddable":true,"href":"https:\/\/www.fuldaernachrichten.de\/index.php?rest_route=%2Fwp%2Fv2%2Fcategories&post=101410"},{"taxonomy":"post_tag","embeddable":true,"href":"https:\/\/www.fuldaernachrichten.de\/index.php?rest_route=%2Fwp%2Fv2%2Ftags&post=101410"}],"curies":[{"name":"wp","href":"https:\/\/api.w.org\/{rel}","templated":true}]}}