{"id":101409,"date":"2012-08-29T00:12:31","date_gmt":"2012-08-29T00:12:31","guid":{"rendered":"http:\/\/www.fuldaer-nachrichten.de\/?p=101409"},"modified":"2012-08-28T19:18:41","modified_gmt":"2012-08-28T19:18:41","slug":"qualifizierungsmasnahmen-fur-ehrenamtliche","status":"publish","type":"post","link":"https:\/\/www.fuldaernachrichten.de\/?p=101409","title":{"rendered":"Qualifizierungsma\u00dfnahmen f\u00fcr Ehrenamtliche"},"content":{"rendered":"<p>Vogelsbergkreis. Seit diesem Jahr ist der Vogelsbergkreis in das Programm des Hessischen Sozialministeriums zur F\u00f6rderung von Qualifizierungsma\u00dfnahmen f\u00fcr ehrenamtliche Arbeit aufgenommen. Ziel der F\u00f6rderung ist es, ehrenamtlich engagierte B\u00fcrgerinnen und B\u00fcrger durch Qualifizierungen zu unterst\u00fctzen und f\u00fcr neue Aufgaben vorzubereiten, sowie Personen, die bislang nicht ehrenamtlich t\u00e4tig sind, f\u00fcr ein entsprechendes Ehrenamt zu motivieren.<!--more--><br \/>\nDie \u00fcberwiegend kostenfreie Kurse, die in diesem Jahr in Zusammenarbeit mit der Volkshochschule des Vogelsbergkreises angeboten werden sollen, umfassen die Themen<\/p>\n<p>\u00e2\u20ac\u00a2\u00c2\u00a0\u00c2\u00a0\u00c2\u00a0\u00c2\u00a0\u00c2\u00a0\u00c2\u00a0 Teamsitzungen effektiv f\u00fchren,<br \/>\n\u00e2\u20ac\u00a2\u00c2\u00a0\u00c2\u00a0\u00c2\u00a0\u00c2\u00a0\u00c2\u00a0\u00c2\u00a0 Erste Schritte am PC,<br \/>\n\u00e2\u20ac\u00a2\u00c2\u00a0\u00c2\u00a0\u00c2\u00a0\u00c2\u00a0\u00c2\u00a0\u00c2\u00a0 Konfliktbew\u00e4ltigung und<br \/>\n\u00e2\u20ac\u00a2\u00c2\u00a0\u00c2\u00a0\u00c2\u00a0\u00c2\u00a0\u00c2\u00a0\u00c2\u00a0 Burnout-Pr\u00e4vention.<\/p>\n<p>Anmeldungen f\u00fcr die in der Zeit zwischen September und November 2012 stattfindenden Kurse sind ab sofort m\u00f6glich. Eine \u00dcbersicht der Kursinhalte sowie ein Formular zum Anmelden finden Sie auf der Homepage des Vogelsbergkreises unter www.vogelsbergkreis.de, Rubrik Familie und Ehrenamt. Informationen sind auch bei der Lokalen Anlaufstelle beim Kreisausschuss des Vogelsbergkreises, Frau Schneider, Telefon 06641\/977-491, erh\u00e4ltlich.<\/p>\n","protected":false},"excerpt":{"rendered":"<div class=\"tmnf_excerpt\"><p>Vogelsbergkreis. Seit diesem Jahr ist der Vogelsbergkreis in das Programm des Hessischen Sozialministeriums zur F\u00f6rderung von Qualifizierungsma\u00dfnahmen f\u00fcr ehrenamtliche Arbeit aufgenommen. Ziel der F\u00f6rderung ist es, ehrenamtlich engagierte B\u00fcrgerinnen und B\u00fcrger durch Qualifizierungen zu unterst\u00fctzen und f\u00fcr neue Aufgaben vorzubereiten, sowie Personen, die bislang nicht ehrenamtlich t\u00e4tig sind, f\u00fcr ein entsprechendes Ehrenamt zu motivieren.<\/p>\n<\/div>","protected":false},"author":1,"featured_media":0,"comment_status":"closed","ping_status":"closed","sticky":false,"template":"","format":"standard","meta":{"footnotes":""},"categories":[1,29],"tags":[],"class_list":["post-101409","post","type-post","status-publish","format-standard","hentry","category-startseite","category-politik"],"_links":{"self":[{"href":"https:\/\/www.fuldaernachrichten.de\/index.php?rest_route=\/wp\/v2\/posts\/101409","targetHints":{"allow":["GET"]}}],"collection":[{"href":"https:\/\/www.fuldaernachrichten.de\/index.php?rest_route=\/wp\/v2\/posts"}],"about":[{"href":"https:\/\/www.fuldaernachrichten.de\/index.php?rest_route=\/wp\/v2\/types\/post"}],"author":[{"embeddable":true,"href":"https:\/\/www.fuldaernachrichten.de\/index.php?rest_route=\/wp\/v2\/users\/1"}],"replies":[{"embeddable":true,"href":"https:\/\/www.fuldaernachrichten.de\/index.php?rest_route=%2Fwp%2Fv2%2Fcomments&post=101409"}],"version-history":[{"count":0,"href":"https:\/\/www.fuldaernachrichten.de\/index.php?rest_route=\/wp\/v2\/posts\/101409\/revisions"}],"wp:attachment":[{"href":"https:\/\/www.fuldaernachrichten.de\/index.php?rest_route=%2Fwp%2Fv2%2Fmedia&parent=101409"}],"wp:term":[{"taxonomy":"category","embeddable":true,"href":"https:\/\/www.fuldaernachrichten.de\/index.php?rest_route=%2Fwp%2Fv2%2Fcategories&post=101409"},{"taxonomy":"post_tag","embeddable":true,"href":"https:\/\/www.fuldaernachrichten.de\/index.php?rest_route=%2Fwp%2Fv2%2Ftags&post=101409"}],"curies":[{"name":"wp","href":"https:\/\/api.w.org\/{rel}","templated":true}]}}