{"id":101408,"date":"2012-08-29T00:12:59","date_gmt":"2012-08-29T00:12:59","guid":{"rendered":"http:\/\/www.fuldaer-nachrichten.de\/?p=101408"},"modified":"2012-08-28T19:17:19","modified_gmt":"2012-08-28T19:17:19","slug":"sprechstunde-fur-arbeitnehmerinnen-und-arbeitnehmer","status":"publish","type":"post","link":"https:\/\/www.fuldaernachrichten.de\/?p=101408","title":{"rendered":"Sprechstunde f\u00fcr Arbeitnehmerinnen und Arbeitnehmer"},"content":{"rendered":"<p>Fulda. Die Arbeitsgemeinschaft f\u00fcr Arbeitnehmerfragen (AfA) der SPD Fulda l\u00e4dt zu einer Sprechstunde f\u00fcr Arbeitnehmerinnen und Arbeitnehmer ein. Die erfahrenen Betriebsr\u00e4te Frank H\u00e4berle und Hans-Udo Becker stehen f\u00fcr Fragen von Arbeitnehmern Rede und Antwort. Hierbei geht es um Hilfestellung vor Ort bzw. was wird von der Politik und besonders von der SPD erwartet.\u00c2\u00a0Sprechstunde f\u00fcr Arbeitnehmer\/innen am 7.9.2012 von 16.30 Uhr bis 18.30 Uhr im B\u00fcrgerb\u00fcro der SPD, Vor dem Peterstor 10.<\/p>\n","protected":false},"excerpt":{"rendered":"<div class=\"tmnf_excerpt\"><p>Fulda. Die Arbeitsgemeinschaft f\u00fcr Arbeitnehmerfragen (AfA) der SPD Fulda l\u00e4dt zu einer Sprechstunde f\u00fcr Arbeitnehmerinnen und Arbeitnehmer ein. Die erfahrenen Betriebsr\u00e4te Frank H\u00e4berle und Hans-Udo Becker stehen f\u00fcr Fragen von Arbeitnehmern Rede und Antwort. Hierbei geht es um Hilfestellung vor Ort bzw. was wird von der Politik und besonders von der SPD erwartet.\u00c2\u00a0Sprechstunde f\u00fcr Arbeitnehmer\/innen &hellip;<\/p>\n<\/div>","protected":false},"author":1,"featured_media":0,"comment_status":"closed","ping_status":"closed","sticky":false,"template":"","format":"standard","meta":{"footnotes":""},"categories":[1,29],"tags":[],"class_list":["post-101408","post","type-post","status-publish","format-standard","hentry","category-startseite","category-politik"],"_links":{"self":[{"href":"https:\/\/www.fuldaernachrichten.de\/index.php?rest_route=\/wp\/v2\/posts\/101408","targetHints":{"allow":["GET"]}}],"collection":[{"href":"https:\/\/www.fuldaernachrichten.de\/index.php?rest_route=\/wp\/v2\/posts"}],"about":[{"href":"https:\/\/www.fuldaernachrichten.de\/index.php?rest_route=\/wp\/v2\/types\/post"}],"author":[{"embeddable":true,"href":"https:\/\/www.fuldaernachrichten.de\/index.php?rest_route=\/wp\/v2\/users\/1"}],"replies":[{"embeddable":true,"href":"https:\/\/www.fuldaernachrichten.de\/index.php?rest_route=%2Fwp%2Fv2%2Fcomments&post=101408"}],"version-history":[{"count":0,"href":"https:\/\/www.fuldaernachrichten.de\/index.php?rest_route=\/wp\/v2\/posts\/101408\/revisions"}],"wp:attachment":[{"href":"https:\/\/www.fuldaernachrichten.de\/index.php?rest_route=%2Fwp%2Fv2%2Fmedia&parent=101408"}],"wp:term":[{"taxonomy":"category","embeddable":true,"href":"https:\/\/www.fuldaernachrichten.de\/index.php?rest_route=%2Fwp%2Fv2%2Fcategories&post=101408"},{"taxonomy":"post_tag","embeddable":true,"href":"https:\/\/www.fuldaernachrichten.de\/index.php?rest_route=%2Fwp%2Fv2%2Ftags&post=101408"}],"curies":[{"name":"wp","href":"https:\/\/api.w.org\/{rel}","templated":true}]}}