{"id":101407,"date":"2012-08-29T00:10:19","date_gmt":"2012-08-29T00:10:19","guid":{"rendered":"http:\/\/www.fuldaer-nachrichten.de\/?p=101407"},"modified":"2012-08-28T19:14:49","modified_gmt":"2012-08-28T19:14:49","slug":"forderverein-der-telefonseelsorge-fulda-veranstaltet-bucherbasar","status":"publish","type":"post","link":"https:\/\/www.fuldaernachrichten.de\/?p=101407","title":{"rendered":"F\u00f6rderverein der Telefonseelsorge Fulda veranstaltet B\u00fccherbasar"},"content":{"rendered":"<p>Fulda. Der F\u00f6rderverein der Telefonseelsorge Fulda veranstaltet am Samstag, 1. September, einen B\u00fccherbasar im Evangelischen Zentrum in Fulda, Haus Oranien, Heinrich-von-Bibra-Platz 14, in der Zeit von 10 bis 15 Uhr (bisher 17 Uhr). Der Erl\u00f6s kommt der ehrenamtlichen Arbeit der Telefonseelsorge zugute. F\u00fcr Kaffee und Kuchen ist gesorgt.<\/p>\n","protected":false},"excerpt":{"rendered":"<div class=\"tmnf_excerpt\"><p>Fulda. Der F\u00f6rderverein der Telefonseelsorge Fulda veranstaltet am Samstag, 1. September, einen B\u00fccherbasar im Evangelischen Zentrum in Fulda, Haus Oranien, Heinrich-von-Bibra-Platz 14, in der Zeit von 10 bis 15 Uhr (bisher 17 Uhr). Der Erl\u00f6s kommt der ehrenamtlichen Arbeit der Telefonseelsorge zugute. F\u00fcr Kaffee und Kuchen ist gesorgt.<\/p>\n<\/div>","protected":false},"author":1,"featured_media":0,"comment_status":"closed","ping_status":"closed","sticky":false,"template":"","format":"standard","meta":{"footnotes":""},"categories":[1,44],"tags":[],"class_list":["post-101407","post","type-post","status-publish","format-standard","hentry","category-startseite","category-kultur"],"_links":{"self":[{"href":"https:\/\/www.fuldaernachrichten.de\/index.php?rest_route=\/wp\/v2\/posts\/101407","targetHints":{"allow":["GET"]}}],"collection":[{"href":"https:\/\/www.fuldaernachrichten.de\/index.php?rest_route=\/wp\/v2\/posts"}],"about":[{"href":"https:\/\/www.fuldaernachrichten.de\/index.php?rest_route=\/wp\/v2\/types\/post"}],"author":[{"embeddable":true,"href":"https:\/\/www.fuldaernachrichten.de\/index.php?rest_route=\/wp\/v2\/users\/1"}],"replies":[{"embeddable":true,"href":"https:\/\/www.fuldaernachrichten.de\/index.php?rest_route=%2Fwp%2Fv2%2Fcomments&post=101407"}],"version-history":[{"count":0,"href":"https:\/\/www.fuldaernachrichten.de\/index.php?rest_route=\/wp\/v2\/posts\/101407\/revisions"}],"wp:attachment":[{"href":"https:\/\/www.fuldaernachrichten.de\/index.php?rest_route=%2Fwp%2Fv2%2Fmedia&parent=101407"}],"wp:term":[{"taxonomy":"category","embeddable":true,"href":"https:\/\/www.fuldaernachrichten.de\/index.php?rest_route=%2Fwp%2Fv2%2Fcategories&post=101407"},{"taxonomy":"post_tag","embeddable":true,"href":"https:\/\/www.fuldaernachrichten.de\/index.php?rest_route=%2Fwp%2Fv2%2Ftags&post=101407"}],"curies":[{"name":"wp","href":"https:\/\/api.w.org\/{rel}","templated":true}]}}