{"id":101404,"date":"2012-08-28T00:12:12","date_gmt":"2012-08-28T00:12:12","guid":{"rendered":"http:\/\/www.fuldaer-nachrichten.de\/?p=101404"},"modified":"2012-08-27T19:02:59","modified_gmt":"2012-08-27T19:02:59","slug":"sonne-tanz-und-ein-streifzug-durch-die-kulturen-beim-awo-sommerfest","status":"publish","type":"post","link":"https:\/\/www.fuldaernachrichten.de\/?p=101404","title":{"rendered":"Sonne, Tanz und ein Streifzug durch die Kulturen beim AWO-Sommerfest"},"content":{"rendered":"<p>Fulda. Mit einem unterhaltsamen und abwechslungsreichen Programm und sonnig hei\u00dfem Wetter feierte der AWO Kreisverband Fulda am Aschenbergplatz vor dem Mehrgenerationenhaus sein Sommerfest. \u201eEs ist uns wieder gelungen, viele Gruppen verschiedenen Alters und Nationalit\u00e4ten zusammenzubringen\u201c, sagt die Kreisverbandsvorsitzende Ilona G\u00f6tz bei ihrer Er\u00f6ffnungsrede. Sie begr\u00fc\u00dfte u. a. Herrn Eckardt vom Landkreis Fulda, Frau Weinberger als Vertreterin des Magistrats und Herrn Becker v. SPD-Stadtverband, die ihrerseits Gr\u00fc\u00dfe zum Gelingen des Festes \u00fcbermittelten.<!--more--><\/p>\n<p>\u201eEs ist toll, wie sich Menschen bei der AWO hier am Aschenberg immer wieder einbringen.\u201c, f\u00fchrt Ilona G\u00f6tz weiter aus. \u201cOhne die vielen ehrenamtlichen Helfer aus den AWO Projekten und den AWO Mitarbeitern, w\u00e4re ein solches Fest mit seiner Vielfalt kaum m\u00f6glich.\u201c<\/p>\n<p>Tanz und Gesang wurden von verschiedenen Generationen und Kulturen geboten. F\u00fcr Stimmung sorgten der AWO-Kinderchor \u201eKindermix\u201c und der AWO-Seniorenchor mit ihren gelungenen Liedbeitr\u00e4gen. Einen wundersch\u00f6nen Sologesang russicher Folklorelieder boten das Duo Jana Tegel und Mariana Rot. Harmonisch geschmeidige Bewegungen der Bauchtanzgruppe des Vereines Harmonie konnten bestaunt werden. Die Tanzgruppe der Erwachsenen unter Leitung von Ilona G\u00f6tz, motivierte jung und alt aktiv mitzutanzen.<\/p>\n<p>Kinder konnten sich schminken lassen oder sich mit den Spielger\u00e4ten des AWO-Spielmobils und der H\u00fcpfburg austoben. F\u00fcr Interessierte stand das \u201emobile Internetcaf\u00e9\u201c zur Verf\u00fcgung. F\u00fcr das leibliche Wohl war bestens gesorgt. Den Abschluss bildete die Tombola, deren Preise alle gespendet waren.<\/p>\n","protected":false},"excerpt":{"rendered":"<div class=\"tmnf_excerpt\"><p>Fulda. Mit einem unterhaltsamen und abwechslungsreichen Programm und sonnig hei\u00dfem Wetter feierte der AWO Kreisverband Fulda am Aschenbergplatz vor dem Mehrgenerationenhaus sein Sommerfest. \u201eEs ist uns wieder gelungen, viele Gruppen verschiedenen Alters und Nationalit\u00e4ten zusammenzubringen\u201c, sagt die Kreisverbandsvorsitzende Ilona G\u00f6tz bei ihrer Er\u00f6ffnungsrede. Sie begr\u00fc\u00dfte u. a. Herrn Eckardt vom Landkreis Fulda, Frau Weinberger als &hellip;<\/p>\n<\/div>","protected":false},"author":1,"featured_media":0,"comment_status":"closed","ping_status":"closed","sticky":false,"template":"","format":"standard","meta":{"footnotes":""},"categories":[1],"tags":[],"class_list":["post-101404","post","type-post","status-publish","format-standard","hentry","category-startseite"],"_links":{"self":[{"href":"https:\/\/www.fuldaernachrichten.de\/index.php?rest_route=\/wp\/v2\/posts\/101404","targetHints":{"allow":["GET"]}}],"collection":[{"href":"https:\/\/www.fuldaernachrichten.de\/index.php?rest_route=\/wp\/v2\/posts"}],"about":[{"href":"https:\/\/www.fuldaernachrichten.de\/index.php?rest_route=\/wp\/v2\/types\/post"}],"author":[{"embeddable":true,"href":"https:\/\/www.fuldaernachrichten.de\/index.php?rest_route=\/wp\/v2\/users\/1"}],"replies":[{"embeddable":true,"href":"https:\/\/www.fuldaernachrichten.de\/index.php?rest_route=%2Fwp%2Fv2%2Fcomments&post=101404"}],"version-history":[{"count":0,"href":"https:\/\/www.fuldaernachrichten.de\/index.php?rest_route=\/wp\/v2\/posts\/101404\/revisions"}],"wp:attachment":[{"href":"https:\/\/www.fuldaernachrichten.de\/index.php?rest_route=%2Fwp%2Fv2%2Fmedia&parent=101404"}],"wp:term":[{"taxonomy":"category","embeddable":true,"href":"https:\/\/www.fuldaernachrichten.de\/index.php?rest_route=%2Fwp%2Fv2%2Fcategories&post=101404"},{"taxonomy":"post_tag","embeddable":true,"href":"https:\/\/www.fuldaernachrichten.de\/index.php?rest_route=%2Fwp%2Fv2%2Ftags&post=101404"}],"curies":[{"name":"wp","href":"https:\/\/api.w.org\/{rel}","templated":true}]}}