{"id":101402,"date":"2012-08-28T00:12:44","date_gmt":"2012-08-28T00:12:44","guid":{"rendered":"http:\/\/www.fuldaer-nachrichten.de\/?p=101402"},"modified":"2012-08-27T19:00:35","modified_gmt":"2012-08-27T19:00:35","slug":"grunderfruhstuck-mit-zen-meditation-und-shiatsu-am-3-september","status":"publish","type":"post","link":"https:\/\/www.fuldaernachrichten.de\/?p=101402","title":{"rendered":"Gr\u00fcnderfr\u00fchst\u00fcck mit Zen-Meditation und Shiatsu am 3. September"},"content":{"rendered":"<p>Fulda. Das Regionale Standortmarketing l\u00e4dt ein zum n\u00e4chsten Gr\u00fcnderfr\u00fchst\u00fcck am Montag, 03.09.2012, 8.30 Uhr in das Bistro des ITZ-Fulda (Obergeschoss) am Alten Schlachthof 4, 36037 Fulda. &#8220;Wer sich selbst kennt, kann seine Kr\u00e4fte kanalisieren, K\u00f6rper und Geist harmonisieren und authentisch leben&#8221;, lautet das Motto von Maria Fr\u00f6hlich, die sich im Rahmen des Gr\u00fcnderfr\u00fchst\u00fccks mit ihrem Unternehmen Golden Touch Home vorstellen wird. Die ausgebildete Trainerin f\u00fcr Zen-Meditation und Shiatsu l\u00e4dt ein mit einigen \u00dcbungen zu einem entspannten und energiereichen Wochenbeginn.<!--more--><br \/>\nDar\u00fcber hinaus bietet sich wieder ausreichend Gelegenheit zum Erfahrungsaustausch unter Gleichgesinnten, aber auch mit Beratern, Bankern und bereits gestandenen Unternehmern. Die Teilnahme am Gr\u00fcnderfr\u00fchst\u00fcck ist kostenfrei. Um eine Anmeldung per Mail oder Fax wird gebeten. Weitere Informationen: Regionalmanager Christoph Burkard, Tel. 0661-28436, Fax. 0661-28488, e-mail: info@region-fulda.de.<\/p>\n","protected":false},"excerpt":{"rendered":"<div class=\"tmnf_excerpt\"><p>Fulda. Das Regionale Standortmarketing l\u00e4dt ein zum n\u00e4chsten Gr\u00fcnderfr\u00fchst\u00fcck am Montag, 03.09.2012, 8.30 Uhr in das Bistro des ITZ-Fulda (Obergeschoss) am Alten Schlachthof 4, 36037 Fulda. &#8220;Wer sich selbst kennt, kann seine Kr\u00e4fte kanalisieren, K\u00f6rper und Geist harmonisieren und authentisch leben&#8221;, lautet das Motto von Maria Fr\u00f6hlich, die sich im Rahmen des Gr\u00fcnderfr\u00fchst\u00fccks mit ihrem &hellip;<\/p>\n<\/div>","protected":false},"author":1,"featured_media":0,"comment_status":"closed","ping_status":"closed","sticky":false,"template":"","format":"standard","meta":{"footnotes":""},"categories":[1,29],"tags":[],"class_list":["post-101402","post","type-post","status-publish","format-standard","hentry","category-startseite","category-politik"],"_links":{"self":[{"href":"https:\/\/www.fuldaernachrichten.de\/index.php?rest_route=\/wp\/v2\/posts\/101402","targetHints":{"allow":["GET"]}}],"collection":[{"href":"https:\/\/www.fuldaernachrichten.de\/index.php?rest_route=\/wp\/v2\/posts"}],"about":[{"href":"https:\/\/www.fuldaernachrichten.de\/index.php?rest_route=\/wp\/v2\/types\/post"}],"author":[{"embeddable":true,"href":"https:\/\/www.fuldaernachrichten.de\/index.php?rest_route=\/wp\/v2\/users\/1"}],"replies":[{"embeddable":true,"href":"https:\/\/www.fuldaernachrichten.de\/index.php?rest_route=%2Fwp%2Fv2%2Fcomments&post=101402"}],"version-history":[{"count":0,"href":"https:\/\/www.fuldaernachrichten.de\/index.php?rest_route=\/wp\/v2\/posts\/101402\/revisions"}],"wp:attachment":[{"href":"https:\/\/www.fuldaernachrichten.de\/index.php?rest_route=%2Fwp%2Fv2%2Fmedia&parent=101402"}],"wp:term":[{"taxonomy":"category","embeddable":true,"href":"https:\/\/www.fuldaernachrichten.de\/index.php?rest_route=%2Fwp%2Fv2%2Fcategories&post=101402"},{"taxonomy":"post_tag","embeddable":true,"href":"https:\/\/www.fuldaernachrichten.de\/index.php?rest_route=%2Fwp%2Fv2%2Ftags&post=101402"}],"curies":[{"name":"wp","href":"https:\/\/api.w.org\/{rel}","templated":true}]}}