{"id":101395,"date":"2012-08-28T00:14:48","date_gmt":"2012-08-28T00:14:48","guid":{"rendered":"http:\/\/www.fuldaer-nachrichten.de\/?p=101395"},"modified":"2012-08-27T18:55:25","modified_gmt":"2012-08-27T18:55:25","slug":"verantwortung-leben-e-v-erhalt-hohe-preisauszeichnung-in-hessischer-staatskanzlei-in-wiesbaden","status":"publish","type":"post","link":"https:\/\/www.fuldaernachrichten.de\/?p=101395","title":{"rendered":"Verantwortung Leben e.V. erh\u00e4lt hohe Auszeichnung in Hessischer Staatskanzlei in Wiesbaden"},"content":{"rendered":"<p><a href=\"http:\/\/www.fuldaer-nachrichten.de\/wp-content\/uploads\/2012\/08\/nahe-ist-gut_4_presse.jpg\"><img fetchpriority=\"high\" decoding=\"async\" class=\"alignleft size-thumbnail wp-image-101396\" title=\"nahe ist gut_4_presse\" src=\"http:\/\/www.fuldaer-nachrichten.de\/wp-content\/uploads\/2012\/08\/nahe-ist-gut_4_presse-265x221.jpg\" alt=\"\" width=\"265\" height=\"221\" srcset=\"https:\/\/www.fuldaernachrichten.de\/wp-content\/uploads\/2012\/08\/nahe-ist-gut_4_presse-265x221.jpg 265w, https:\/\/www.fuldaernachrichten.de\/wp-content\/uploads\/2012\/08\/nahe-ist-gut_4_presse.jpg 417w\" sizes=\"(max-width: 265px) 100vw, 265px\" \/><\/a>Wiesbaden\/Fulda. Der Verein \u201eVerantwortung Leben e. V. &#8211; Verein zum Schutz des Tieres und der Sensibilisierung von Menschen im Umgang mit dem Tier\u201c wurde am Freitag, den 24.08. in einer Feierstunde von der Landesstiftung \u201eMiteinander in Hessen und der Initiative \u201eN\u00e4he ist Gut\u201c f\u00fcr ihr ehrenamtliches Engagement ausgezeichnet. Im Rahmen einer Feierstunde in der Hessischen Staatskanzlei \u00fcberreichte Frau Dr. Marie-Luise Stoll-Stefan (Stellvertretende Vorsitzende Regionalkuratorin des Bundesverbandes Deutscher Stiftungen f\u00fcr Hessen, Rheinland-Pfalz, Saarland) die Auszeichnung an Silke Gramatzki-Wieczorek\u00c2\u00a0 und Joachim Wieczorek von Verantwortung Leben und w\u00fcrdigte die Tierschutzarbeit von Verantwortung Leben in einer Laudatio. Vor allen die Verbindung zwischen der Hilfe f\u00fcr Tiere und die Einbindung von Kindern und Jugendlichen in diese Arbeit begeisterte das Kuratorium. \u201eWir sind sehr gl\u00fccklich \u00fcber diese Auszeichnung und freuen uns, dass Verantwortung Leben unter die 10 ausgew\u00e4hlten Projekte gekommen ist.\u201c, freut sich Silke Gramatzki-Wieczorek \u00fcber diesen Preis.<!--more--><br \/>\nDie Initiative \u201eN\u00e4he ist Gut\u201c hatte im Fr\u00fchsommer den Wettbewerb \u201e100 helfende Helden gesucht\u201c gestartet. Insgesamt hatten sich mehrere tausend ehrenamtliche Projekte aus Hessen beworben. 186 Projekte kamen in die engere Auswahl. Nach Aussage der Initiative \u201eN\u00e4he ist Gut\u201c gibt es etwa 2 Millionen ehrenamtliche Helfer in Hessen. Sie engagieren sich im Umweltschutz, in sozialen Organisationen oder ergreifen ganz einfach selbst die Initiative, um z.B. in ihrer direkten Nachbarschaft den Menschen, die Hilfe brauchen, im Alltag zur Seite zu stehen. Ohne sie w\u00e4ren viele Aufgaben in unserer Region kaum noch zu bew\u00e4ltigen.<\/p>\n<p>\u201eDiese W\u00fcrdigung unserer ehrenamtlichen Arbeit best\u00e4tigt uns in unserem Engagement und l\u00e4sst uns unserer Vision eines eigenen Tier- und Gnadenhofs mit selbstbestimmten Leben im Alter mit Tieren wieder ein St\u00fcck n\u00e4her kommen.\u201c kommentierte Joachim Wieczorek nach der Preis\u00fcbergabe.<\/p>\n<p><a href=\"http:\/\/www.fuldaer-nachrichten.de\/wp-content\/uploads\/2012\/08\/Ehrenamtliche-Helfer-von-Verantwortung-Leben_Bild-von-Alexander-Mengel.jpg\"><img decoding=\"async\" class=\"alignleft size-thumbnail wp-image-101398\" title=\"Ehrenamtliche Helfer von Verantwortung Leben_Bild von Alexander Mengel\" src=\"http:\/\/www.fuldaer-nachrichten.de\/wp-content\/uploads\/2012\/08\/Ehrenamtliche-Helfer-von-Verantwortung-Leben_Bild-von-Alexander-Mengel-265x176.jpg\" alt=\"\" width=\"265\" height=\"176\" srcset=\"https:\/\/www.fuldaernachrichten.de\/wp-content\/uploads\/2012\/08\/Ehrenamtliche-Helfer-von-Verantwortung-Leben_Bild-von-Alexander-Mengel-265x176.jpg 265w, https:\/\/www.fuldaernachrichten.de\/wp-content\/uploads\/2012\/08\/Ehrenamtliche-Helfer-von-Verantwortung-Leben_Bild-von-Alexander-Mengel.jpg 360w\" sizes=\"(max-width: 265px) 100vw, 265px\" \/><\/a>Verantwortung Leben begann seine gemeinn\u00fctzige Vereinsarbeit im Jahre 2006. Der Verein entstand durch die unerm\u00fcdliche Tierhilfe, -rettung und -pflege <em>von Silke Gramatzki-Wieczorek<\/em>, die auch vorher schon im Alleingang eine Vielzahl von Tiere vermitteln und kastrieren konnte. Heute unterst\u00fctzen bereits ca. 200 Menschen die ehrenamtliche Tierschutzarbeit als aktive und passive Mitglieder. Vor allem Kinder und Jugendliche \u00fcbernehmen Verantwortung bei der Pflege der Tiere, ohne Bedingungen und nachzufragen, was es ihnen bringt.<\/p>\n<p>In einer angemieteten Tierschutzscheune in Hainzell bei Hosenfeld und einem Netzwerk von privaten Pflegestellen werden Tiere aufgenommen, gepflegt und vermittelt. Die Tiere werden hier bis zur Vermittlung aufgep\u00e4ppelt und gesund gepflegt. S\u00e4mtliche Kosten werden ausschlie\u00dflich durch Mitgliedsbeitr\u00e4ge und Spenden finanziert, sodass sich der Verein ausschlie\u00dflich durch ehrenamtliches Engagement tr\u00e4gt.<\/p>\n<p>Ein Schwerpunkt der Tierschutzarbeit liegt darin, dass sich insbesondere um alte und behinderte Tiere gek\u00fcmmert wird. Pferde erhalten in der Tierschutzscheune Ihr Gnadenbrot und nicht mehr vermittelbare Katzen k\u00f6nnen als Freig\u00e4nger hier leben. Dar\u00fcber hinaus ist es ein Anliegen, die Menschen im Umgang mit Tieren zu\u00c2\u00a0 sensibilisieren und zu beraten. So k\u00f6nnen sich Interessierte ebenso an den Verein wenden wie Menschen, die auf eine Notsituation eines Tieres hinweisen m\u00f6chten. In den letzten Jahren konnten \u00fcber 1000 Tiere erfolgreich vermittelt werden. Die gro\u00dfe Vision von Verantwortung Leben e.V. ist es, einen eigenen Tierschutz- und Gnadenhof als Stiftung mit selbst bestimmten Leben im Alter mit Tieren zu betreiben.<\/p>\n<p>Wer den Verein Verantwortung Leben e. V. unterst\u00fctzen m\u00f6chte findet weitere Informationen im Internet unter <a href=\"http:\/\/www.verantwortung-leben.de\/\">www.verantwortung-leben.de<\/a> und\u00c2\u00a0 <a href=\"http:\/\/www.facebook.com\/verantwortungleben\">www.facebook.com\/verantwortungleben<\/a> Hier werden auch regelm\u00e4\u00dfig zu vermittelnde und vermisste Tiere vorgestellt.<\/p>\n","protected":false},"excerpt":{"rendered":"<div class=\"tmnf_excerpt\"><p>Wiesbaden\/Fulda. Der Verein \u201eVerantwortung Leben e. V. &#8211; Verein zum Schutz des Tieres und der Sensibilisierung von Menschen im Umgang mit dem Tier\u201c wurde am Freitag, den 24.08. in einer Feierstunde von der Landesstiftung \u201eMiteinander in Hessen und der Initiative \u201eN\u00e4he ist Gut\u201c f\u00fcr ihr ehrenamtliches Engagement ausgezeichnet. Im Rahmen einer Feierstunde in der Hessischen &hellip;<\/p>\n<\/div>","protected":false},"author":1,"featured_media":0,"comment_status":"closed","ping_status":"closed","sticky":false,"template":"","format":"standard","meta":{"footnotes":""},"categories":[1],"tags":[],"class_list":["post-101395","post","type-post","status-publish","format-standard","hentry","category-startseite"],"_links":{"self":[{"href":"https:\/\/www.fuldaernachrichten.de\/index.php?rest_route=\/wp\/v2\/posts\/101395","targetHints":{"allow":["GET"]}}],"collection":[{"href":"https:\/\/www.fuldaernachrichten.de\/index.php?rest_route=\/wp\/v2\/posts"}],"about":[{"href":"https:\/\/www.fuldaernachrichten.de\/index.php?rest_route=\/wp\/v2\/types\/post"}],"author":[{"embeddable":true,"href":"https:\/\/www.fuldaernachrichten.de\/index.php?rest_route=\/wp\/v2\/users\/1"}],"replies":[{"embeddable":true,"href":"https:\/\/www.fuldaernachrichten.de\/index.php?rest_route=%2Fwp%2Fv2%2Fcomments&post=101395"}],"version-history":[{"count":0,"href":"https:\/\/www.fuldaernachrichten.de\/index.php?rest_route=\/wp\/v2\/posts\/101395\/revisions"}],"wp:attachment":[{"href":"https:\/\/www.fuldaernachrichten.de\/index.php?rest_route=%2Fwp%2Fv2%2Fmedia&parent=101395"}],"wp:term":[{"taxonomy":"category","embeddable":true,"href":"https:\/\/www.fuldaernachrichten.de\/index.php?rest_route=%2Fwp%2Fv2%2Fcategories&post=101395"},{"taxonomy":"post_tag","embeddable":true,"href":"https:\/\/www.fuldaernachrichten.de\/index.php?rest_route=%2Fwp%2Fv2%2Ftags&post=101395"}],"curies":[{"name":"wp","href":"https:\/\/api.w.org\/{rel}","templated":true}]}}