{"id":101392,"date":"2012-08-28T00:12:42","date_gmt":"2012-08-28T00:12:42","guid":{"rendered":"http:\/\/www.fuldaer-nachrichten.de\/?p=101392"},"modified":"2012-08-27T18:52:12","modified_gmt":"2012-08-27T18:52:12","slug":"umjubeltes-1-klassikkonzert-des-kammerorchesters-der-jugend-fulda-in-der-pfarrkirche-grosenluder","status":"publish","type":"post","link":"https:\/\/www.fuldaernachrichten.de\/?p=101392","title":{"rendered":"Umjubeltes 1. Klassikkonzert des Kammerorchesters der Jugend Fulda in der Pfarrkirche Gro\u00dfenl\u00fcder"},"content":{"rendered":"<p><a href=\"http:\/\/www.fuldaer-nachrichten.de\/wp-content\/uploads\/2012\/08\/rathaus_klassik_konzert.jpg\"><img decoding=\"async\" class=\"alignleft size-thumbnail wp-image-101393\" title=\"rathaus_klassik_konzert\" src=\"http:\/\/www.fuldaer-nachrichten.de\/wp-content\/uploads\/2012\/08\/rathaus_klassik_konzert-265x177.jpg\" alt=\"\" width=\"265\" height=\"177\" srcset=\"https:\/\/www.fuldaernachrichten.de\/wp-content\/uploads\/2012\/08\/rathaus_klassik_konzert-265x177.jpg 265w, https:\/\/www.fuldaernachrichten.de\/wp-content\/uploads\/2012\/08\/rathaus_klassik_konzert.jpg 600w\" sizes=\"(max-width: 265px) 100vw, 265px\" \/><\/a>Gro\u00dfenl\u00fcder. \u201eDieses Konzert h\u00e4tte heute ebenso auch in Hamburg, Berlin oder Amtsterdam stattfinden k\u00f6nnen, doch es fand hier in Gro\u00dfenl\u00fcder statt und das spricht f\u00fcr Gro\u00dfenl\u00fcder\u201c, freute sich B\u00fcrgermeister Werner Dietrich, Initiator und Gastgeber der Veranstaltung. Eigentlich sollte es ein Klassik-Open-Air-Konzert an der Burgpassage, im Ortsmittelpunkt von Gro\u00dfenl\u00fcder werden. Wegen der unsicheren Witterungsverh\u00e4ltnisse wurde es dann \u201eKlassik in the church\u201c, in der Pfarrkirche Gro\u00dfenl\u00fcder und ein durchweg gelungener, musikalischer Abend.<!--more--><\/p>\n<p>Die 40 jungen Musikerinnen und Musiker des Kammerorchesters der Jugend Fulda, unter der Leitung von Martin Kl\u00fch, begeisterten die G\u00e4ste in der sehr gut besuchten Pfarrkirche St.-Georg Gro\u00dfenl\u00fcder mit einem h\u00f6chst anspruchsvollen und vielseitigen Programm. Beginnend mit Richard Wagners \u201eDie Meistersinger\u201c stimmten sie die Zuh\u00f6rer in einen wunderbaren Klassikabend ein. Es folgten der zeitgen\u00f6ssische Komponist Dmitri Schostakowitsch mit dem Walzer Nr. 2 aus der \u201eSuite f\u00fcr Variet\u00e9-Orchester\u201c, die \u201eAnnen-Polka\u201c von Johann Strau\u00df und ein Auszug von Wolfgang Amadeus Mozarts Sinfonie Nr. 9 in C-Dur.<\/p>\n<p>Ihr gro\u00dfartiges musikalisches K\u00f6nnen stellten die jungen K\u00fcnstler auch im zweiten Teil des Programms unter Beweis, besonders mit der Serenade in G-Dur aus Mozarts \u201ekleiner Nachtmusik\u201c. Die weniger bekannten \u201eKinderspiele\u201c von Johann Strau\u00df brachten den \u201eWiener Schm\u00e4h\u201c deutlich zum Ausdruck.<\/p>\n<p><a href=\"http:\/\/www.fuldaer-nachrichten.de\/wp-content\/uploads\/2012\/08\/rathaus_klassik_konzert1.jpg\"><img fetchpriority=\"high\" decoding=\"async\" class=\"alignleft size-thumbnail wp-image-101394\" title=\"rathaus_klassik_konzert1\" src=\"http:\/\/www.fuldaer-nachrichten.de\/wp-content\/uploads\/2012\/08\/rathaus_klassik_konzert1-265x197.jpg\" alt=\"\" width=\"265\" height=\"197\" srcset=\"https:\/\/www.fuldaernachrichten.de\/wp-content\/uploads\/2012\/08\/rathaus_klassik_konzert1-265x197.jpg 265w, https:\/\/www.fuldaernachrichten.de\/wp-content\/uploads\/2012\/08\/rathaus_klassik_konzert1.jpg 600w\" sizes=\"(max-width: 265px) 100vw, 265px\" \/><\/a>Ein Medley der Filmmusik zu\u00c2\u00a0 \u201eWicki der Wickinger\u201c von Arr. Stefano Conte, bearbeitet von Martin Kl\u00fch, und ein beeindruckendes \u201eBest of Michael Jackson\u201c zum Abschluss des Programms demonstrierten noch einmal die enorme Vielf\u00e4ltigkeit der jungen Musikerinnen und Musiker. Das begeisterte Publikum dankte es mit lang anhaltendem Applaus. Mit zwei Zugaben (\u201eThe Pink Panther\u201c von Henry Mancini und D. Schostakowitschs Walzer Nr. 2) endete ein \u00fcberaus umjubelter, gelungener Konzertabend der Klassik in Gro\u00dfenl\u00fcder.<\/p>\n<p>B\u00fcrgermeister Werner Dietrich versprach, die Reihe fortzuf\u00fchren, weil sie die bestehende Kulturlandschaft von Gro\u00dfenl\u00fcder um eine unverzichtbare Komponente bereichere. Dann hei\u00dft es auch im n\u00e4chsten Jahr \u201eKlassik-Konzert in Gro\u00dfenl\u00fcder\u201c \u2013 vielleicht dann als Open-Air-Ereignis vor der Burgpassage im Ortsmittelpunkt!<\/p>\n<p>Das Kammerorchester der Jugend Fulda ist in der Region Fulda inzwischen eine bekannte Gr\u00f6\u00dfe und versteht sich als Erg\u00e4nzung zu den musikalischen Angeboten in den \u00f6rtlichen Schulen und Vereinen in Stadt und Landkreis Fulda. Es bietet den Jugendlichen nicht nur in, sondern auch nach ihrer Schulzeit, z.B. in der Ausbildung oder w\u00e4hrend des Studiums die M\u00f6glichkeit, in einem gro\u00dfen symphonischen Orchester mit Jugendlichen zusammen zu musizieren.<\/p>\n<p>Zum Konzert in Gro\u00dfenl\u00fcder waren, wegen kurzfristiger Ausf\u00e4lle, auch zwei Gro\u00dfenl\u00fcderer Musiker eingesprungen, Werner und Simon Reinhardt unterst\u00fctzen das Orchester mit ihrem K\u00f6nnen auf dem Saxophon.<\/p>\n<p><strong>Besetzung<\/strong>: Fl\u00f6te: Alice Daniel, Nadine Fr\u00f6hlich, Oboe: Sara Hahner, Franziska Kulla, Englisch Horn: Sara Hahner, Klarinette: Malin Holzer, Jana Vasikonis, Ba\u00dfklarinette: Adrian Vladimirov, Fagott: Carina Hedrich, Alt-Saxofon: Sophia Reinhard, Simon Reinhardt, Tenor-Saxofon: Winfried Reinhard, Werner Reinhardt, Bariton Saxofon: Anette Schneider, Horn: Nils Eschrich, Lean J\u00f6ckel, Lukas Vogel, Trompete: David Hahner, Maximilian Riedl, Posaune: Andreas Hornig, Tuba: Andreas Hornig, Schlagzeug: Jeremias Bischof, Violine 1: Magdalena K\u00f6tt, Konzertmeisterin, Marie-Isabelle Akakpovi, Agnes Berb\u00e9e, Linda Griebel, Katharina Rum, Tabea Welchar, Violine 2: Taha-Johanna Henning, Dorothea Diel, Annemarie Gehring, Carolina Gro\u00df, Kathrin Hartwig, Miriam Henkel, Hermine Kontschak, Viola: Cecilia Steinmacher, Janina Welchar, Violoncello: Mirjam Reitzig, Eva Gugel, Hannah Kipp, Jonathan K\u00f6tt, Kontrabass: Marina Kurzer, Dirigent: Martin Kl\u00fch<\/p>\n<p>&nbsp;<\/p>\n","protected":false},"excerpt":{"rendered":"<div class=\"tmnf_excerpt\"><p>Gro\u00dfenl\u00fcder. \u201eDieses Konzert h\u00e4tte heute ebenso auch in Hamburg, Berlin oder Amtsterdam stattfinden k\u00f6nnen, doch es fand hier in Gro\u00dfenl\u00fcder statt und das spricht f\u00fcr Gro\u00dfenl\u00fcder\u201c, freute sich B\u00fcrgermeister Werner Dietrich, Initiator und Gastgeber der Veranstaltung. Eigentlich sollte es ein Klassik-Open-Air-Konzert an der Burgpassage, im Ortsmittelpunkt von Gro\u00dfenl\u00fcder werden. Wegen der unsicheren Witterungsverh\u00e4ltnisse wurde es &hellip;<\/p>\n<\/div>","protected":false},"author":1,"featured_media":0,"comment_status":"closed","ping_status":"closed","sticky":false,"template":"","format":"standard","meta":{"footnotes":""},"categories":[1,44],"tags":[],"class_list":["post-101392","post","type-post","status-publish","format-standard","hentry","category-startseite","category-kultur"],"_links":{"self":[{"href":"https:\/\/www.fuldaernachrichten.de\/index.php?rest_route=\/wp\/v2\/posts\/101392","targetHints":{"allow":["GET"]}}],"collection":[{"href":"https:\/\/www.fuldaernachrichten.de\/index.php?rest_route=\/wp\/v2\/posts"}],"about":[{"href":"https:\/\/www.fuldaernachrichten.de\/index.php?rest_route=\/wp\/v2\/types\/post"}],"author":[{"embeddable":true,"href":"https:\/\/www.fuldaernachrichten.de\/index.php?rest_route=\/wp\/v2\/users\/1"}],"replies":[{"embeddable":true,"href":"https:\/\/www.fuldaernachrichten.de\/index.php?rest_route=%2Fwp%2Fv2%2Fcomments&post=101392"}],"version-history":[{"count":0,"href":"https:\/\/www.fuldaernachrichten.de\/index.php?rest_route=\/wp\/v2\/posts\/101392\/revisions"}],"wp:attachment":[{"href":"https:\/\/www.fuldaernachrichten.de\/index.php?rest_route=%2Fwp%2Fv2%2Fmedia&parent=101392"}],"wp:term":[{"taxonomy":"category","embeddable":true,"href":"https:\/\/www.fuldaernachrichten.de\/index.php?rest_route=%2Fwp%2Fv2%2Fcategories&post=101392"},{"taxonomy":"post_tag","embeddable":true,"href":"https:\/\/www.fuldaernachrichten.de\/index.php?rest_route=%2Fwp%2Fv2%2Ftags&post=101392"}],"curies":[{"name":"wp","href":"https:\/\/api.w.org\/{rel}","templated":true}]}}