{"id":101391,"date":"2012-08-28T00:12:38","date_gmt":"2012-08-28T00:12:38","guid":{"rendered":"http:\/\/www.fuldaer-nachrichten.de\/?p=101391"},"modified":"2012-08-27T18:49:15","modified_gmt":"2012-08-27T18:49:15","slug":"keltenfuhrung-im-vollmondlicht-am-1-september-2012-an-der-milseburg","status":"publish","type":"post","link":"https:\/\/www.fuldaernachrichten.de\/?p=101391","title":{"rendered":"Keltenf\u00fchrung im Vollmondlicht am 1. September 2012 an der Milseburg"},"content":{"rendered":"<p>Hofbieber. Die Tourist-Information Hofbieber bietet am Samstag, dem 1.9. um 20:30 Uhr eine Keltenwanderung an der Milseburg an. Auf dem Weg erfahren Sie allerhand \u00fcber die Kelten im Allgemeinen, ihre Lebensweise an der Milseburg und \u00fcber die Besiedlungsgeschichte der Rh\u00f6n.\u00c2\u00a0 Der sogenannte Erntemond wird diese informative F\u00fchrung mit seinem sanften Licht begleiten.<!--more--><\/p>\n<p><strong>Hinweis:<\/strong> F\u00e4llt bei Regen aus. Treffpunkt: Bushaltestelle in Danzwiesen. Kosten: Erwachsene 4 Euro, Kinder 2 Euro. <strong>Infos:<\/strong> Tourist-Information, 36145 Hofbieber unter 06657 987-412 oder<br \/>\ndirekt unter 0160 653 71 71\u00c2\u00a0\u00c2\u00a0\u00c2\u00a0\u00c2\u00a0\u00c2\u00a0\u00c2\u00a0\u00c2\u00a0\u00c2\u00a0\u00c2\u00a0\u00c2\u00a0\u00c2\u00a0\u00c2\u00a0\u00c2\u00a0\u00c2\u00a0\u00c2\u00a0\u00c2\u00a0\u00c2\u00a0\u00c2\u00a0\u00c2\u00a0\u00c2\u00a0\u00c2\u00a0\u00c2\u00a0\u00c2\u00a0\u00c2\u00a0\u00c2\u00a0\u00c2\u00a0\u00c2\u00a0\u00c2\u00a0\u00c2\u00a0\u00c2\u00a0\u00c2\u00a0\u00c2\u00a0\u00c2\u00a0\u00c2\u00a0\u00c2\u00a0\u00c2\u00a0\u00c2\u00a0\u00c2\u00a0\u00c2\u00a0\u00c2\u00a0\u00c2\u00a0\u00c2\u00a0\u00c2\u00a0\u00c2\u00a0\u00c2\u00a0\u00c2\u00a0\u00c2\u00a0\u00c2\u00a0\u00c2\u00a0\u00c2\u00a0\u00c2\u00a0\u00c2\u00a0\u00c2\u00a0\u00c2\u00a0\u00c2\u00a0\u00c2\u00a0\u00c2\u00a0\u00c2\u00a0\u00c2\u00a0\u00c2\u00a0\u00c2\u00a0\u00c2\u00a0\u00c2\u00a0\u00c2\u00a0\u00c2\u00a0\u00c2\u00a0\u00c2\u00a0\u00c2\u00a0\u00c2\u00a0\u00c2\u00a0\u00c2\u00a0\u00c2\u00a0\u00c2\u00a0\u00c2\u00a0\u00c2\u00a0\u00c2\u00a0\u00c2\u00a0\u00c2\u00a0\u00c2\u00a0\u00c2\u00a0\u00c2\u00a0\u00c2\u00a0\u00c2\u00a0\u00c2\u00a0\u00c2\u00a0\u00c2\u00a0\u00c2\u00a0\u00c2\u00a0\u00c2\u00a0\u00c2\u00a0\u00c2\u00a0\u00c2\u00a0\u00c2\u00a0\u00c2\u00a0\u00c2\u00a0\u00c2\u00a0\u00c2\u00a0\u00c2\u00a0\u00c2\u00a0\u00c2\u00a0\u00c2\u00a0\u00c2\u00a0\u00c2\u00a0\u00c2\u00a0\u00c2\u00a0\u00c2\u00a0\u00c2\u00a0\u00c2\u00a0\u00c2\u00a0\u00c2\u00a0\u00c2\u00a0\u00c2\u00a0 rhoener_sternennacht@yahoo.de<br \/>\n<a href=\"http:\/\/www.rh\u00f6ner-sternennacht.de\" target=\"_blank\">www.rh\u00f6ner-sternennacht.de<\/a><\/p>\n","protected":false},"excerpt":{"rendered":"<div class=\"tmnf_excerpt\"><p>Hofbieber. Die Tourist-Information Hofbieber bietet am Samstag, dem 1.9. um 20:30 Uhr eine Keltenwanderung an der Milseburg an. Auf dem Weg erfahren Sie allerhand \u00fcber die Kelten im Allgemeinen, ihre Lebensweise an der Milseburg und \u00fcber die Besiedlungsgeschichte der Rh\u00f6n.\u00c2\u00a0 Der sogenannte Erntemond wird diese informative F\u00fchrung mit seinem sanften Licht begleiten.<\/p>\n<\/div>","protected":false},"author":1,"featured_media":0,"comment_status":"closed","ping_status":"closed","sticky":false,"template":"","format":"standard","meta":{"footnotes":""},"categories":[1,52],"tags":[],"class_list":["post-101391","post","type-post","status-publish","format-standard","hentry","category-startseite","category-umwelt"],"_links":{"self":[{"href":"https:\/\/www.fuldaernachrichten.de\/index.php?rest_route=\/wp\/v2\/posts\/101391","targetHints":{"allow":["GET"]}}],"collection":[{"href":"https:\/\/www.fuldaernachrichten.de\/index.php?rest_route=\/wp\/v2\/posts"}],"about":[{"href":"https:\/\/www.fuldaernachrichten.de\/index.php?rest_route=\/wp\/v2\/types\/post"}],"author":[{"embeddable":true,"href":"https:\/\/www.fuldaernachrichten.de\/index.php?rest_route=\/wp\/v2\/users\/1"}],"replies":[{"embeddable":true,"href":"https:\/\/www.fuldaernachrichten.de\/index.php?rest_route=%2Fwp%2Fv2%2Fcomments&post=101391"}],"version-history":[{"count":0,"href":"https:\/\/www.fuldaernachrichten.de\/index.php?rest_route=\/wp\/v2\/posts\/101391\/revisions"}],"wp:attachment":[{"href":"https:\/\/www.fuldaernachrichten.de\/index.php?rest_route=%2Fwp%2Fv2%2Fmedia&parent=101391"}],"wp:term":[{"taxonomy":"category","embeddable":true,"href":"https:\/\/www.fuldaernachrichten.de\/index.php?rest_route=%2Fwp%2Fv2%2Fcategories&post=101391"},{"taxonomy":"post_tag","embeddable":true,"href":"https:\/\/www.fuldaernachrichten.de\/index.php?rest_route=%2Fwp%2Fv2%2Ftags&post=101391"}],"curies":[{"name":"wp","href":"https:\/\/api.w.org\/{rel}","templated":true}]}}