{"id":101382,"date":"2012-08-28T00:20:32","date_gmt":"2012-08-28T00:20:32","guid":{"rendered":"http:\/\/www.fuldaer-nachrichten.de\/?p=101382"},"modified":"2012-08-27T12:36:46","modified_gmt":"2012-08-27T12:36:46","slug":"neues-programm-im-planetarium-des-vonderau-museums-die-erde-in-360-grad-bildern","status":"publish","type":"post","link":"https:\/\/www.fuldaernachrichten.de\/?p=101382","title":{"rendered":"Neues Programm im Planetarium des Vonderau Museums: Die Erde in 360-Grad-Bildern"},"content":{"rendered":"<p><a href=\"http:\/\/www.fuldaer-nachrichten.de\/wp-content\/uploads\/2012\/08\/imersionen1.jpg\"><img fetchpriority=\"high\" decoding=\"async\" class=\"alignleft size-thumbnail wp-image-101383\" title=\"imersionen1\" src=\"http:\/\/www.fuldaer-nachrichten.de\/wp-content\/uploads\/2012\/08\/imersionen1-265x265.jpg\" alt=\"\" width=\"265\" height=\"265\" srcset=\"https:\/\/www.fuldaernachrichten.de\/wp-content\/uploads\/2012\/08\/imersionen1-265x265.jpg 265w, https:\/\/www.fuldaernachrichten.de\/wp-content\/uploads\/2012\/08\/imersionen1.jpg 600w\" sizes=\"(max-width: 265px) 100vw, 265px\" \/><\/a>Fulda (cp). Normalerweise werden die Besucher des Planetariums in den Vorf\u00fchrungen in die Welt der Planeten und Sterne entf\u00fchrt. Dass die Technik moderner Planetarien wesentlich vielf\u00e4ltigere Themen darstellen kann, wird in einer Veranstaltung im September aufgezeigt. Schon lange war es Ziel der K\u00fcnstler, bei der Darstellung von Landschaften und Ereignissen die Beschr\u00e4nkungen des Bilderrahmens zu sprengen und den Betrachter in die dargestellten Szenerien hineinzuversetzen: es entstanden Panorama-Tapeten mit 360-Grad-Ansichten in eigens daf\u00fcr errichteten Geb\u00e4uden. Mit den zeitsparenden Mitteln der Fotografie vervielf\u00e4ltigten sich diese M\u00f6glichkeiten. Die gro\u00dfformatigen Rundpanoramen erleben gerade in letzter Zeit ihre Renaissance als Publikumsmagnete.<!--more--><br \/>\nPlanetarien haben schon immer den Betrachter nicht vor, sondern unter den k\u00fcnstlichen Sternhimmel gesetzt. Zusatzprojektionen hoben in der Weiterentwicklung die Begrenzung auf die Welt der Sterne auf, 360-Grad-Panoramen sind schon lange ein Bestandteil von Planetariumsvorf\u00fchrungen. Da hier mit den Mitteln der Projektion in eine Kuppel gearbeitet wird, hebt das Planetarium die Beschr\u00e4nkung der festen Installationen auf jeweils ein Motiv auf. Meist erstellten Planetarien oder spezialisierte Lieferanten die Vorlagen selbst, der Fundus war beschr\u00e4nkt. Im Zeitalter der analogen Fotografie war das Erstellen eines projektionsf\u00e4higen 360-Grad-Panoramabildes zudem ein recht aufw\u00e4ndiger Prozess.<\/p>\n<p>\u201eImmersionen 1\u201c stellt im Internet frei verf\u00fcgbare Quellen zu einer immersiven Rundreise um die Erde zusammen, erg\u00e4nzt um die klassischen Blicke zum Sternhimmel. \u201eImmersionen 1\u201c soll dabei nicht die letzte derartige Veranstaltung sein, das Planetarium hofft in Zukunft Fotografen aus der Region f\u00fcr Nachfolgeveranstaltungen gewinnen zu k\u00f6nnen. Die Vorf\u00fchrungen sind am Freitag, 07. September 2012 sowie am Freitag 21. September 2012, jeweils um 19.00 Uhr. Anmeldungen werden empfohlen unter Tel. 0661\/9283510. Infos sind im Internet unter www.museum-fulda.de zu finden.<\/p>\n","protected":false},"excerpt":{"rendered":"<div class=\"tmnf_excerpt\"><p>Fulda (cp). Normalerweise werden die Besucher des Planetariums in den Vorf\u00fchrungen in die Welt der Planeten und Sterne entf\u00fchrt. Dass die Technik moderner Planetarien wesentlich vielf\u00e4ltigere Themen darstellen kann, wird in einer Veranstaltung im September aufgezeigt. Schon lange war es Ziel der K\u00fcnstler, bei der Darstellung von Landschaften und Ereignissen die Beschr\u00e4nkungen des Bilderrahmens zu &hellip;<\/p>\n<\/div>","protected":false},"author":1,"featured_media":0,"comment_status":"closed","ping_status":"closed","sticky":false,"template":"","format":"standard","meta":{"footnotes":""},"categories":[1,53],"tags":[],"class_list":["post-101382","post","type-post","status-publish","format-standard","hentry","category-startseite","category-bildung"],"_links":{"self":[{"href":"https:\/\/www.fuldaernachrichten.de\/index.php?rest_route=\/wp\/v2\/posts\/101382","targetHints":{"allow":["GET"]}}],"collection":[{"href":"https:\/\/www.fuldaernachrichten.de\/index.php?rest_route=\/wp\/v2\/posts"}],"about":[{"href":"https:\/\/www.fuldaernachrichten.de\/index.php?rest_route=\/wp\/v2\/types\/post"}],"author":[{"embeddable":true,"href":"https:\/\/www.fuldaernachrichten.de\/index.php?rest_route=\/wp\/v2\/users\/1"}],"replies":[{"embeddable":true,"href":"https:\/\/www.fuldaernachrichten.de\/index.php?rest_route=%2Fwp%2Fv2%2Fcomments&post=101382"}],"version-history":[{"count":0,"href":"https:\/\/www.fuldaernachrichten.de\/index.php?rest_route=\/wp\/v2\/posts\/101382\/revisions"}],"wp:attachment":[{"href":"https:\/\/www.fuldaernachrichten.de\/index.php?rest_route=%2Fwp%2Fv2%2Fmedia&parent=101382"}],"wp:term":[{"taxonomy":"category","embeddable":true,"href":"https:\/\/www.fuldaernachrichten.de\/index.php?rest_route=%2Fwp%2Fv2%2Fcategories&post=101382"},{"taxonomy":"post_tag","embeddable":true,"href":"https:\/\/www.fuldaernachrichten.de\/index.php?rest_route=%2Fwp%2Fv2%2Ftags&post=101382"}],"curies":[{"name":"wp","href":"https:\/\/api.w.org\/{rel}","templated":true}]}}