{"id":101372,"date":"2012-08-28T00:15:11","date_gmt":"2012-08-28T00:15:11","guid":{"rendered":"http:\/\/www.fuldaer-nachrichten.de\/?p=101372"},"modified":"2012-08-27T12:28:19","modified_gmt":"2012-08-27T12:28:19","slug":"23-handwerker-und-bauernmarkt-in-poppenhausen-am-kommenden-sonntag","status":"publish","type":"post","link":"https:\/\/www.fuldaernachrichten.de\/?p=101372","title":{"rendered":"23. Handwerker- und Bauernmarkt in Poppenhausen am kommenden Sonntag"},"content":{"rendered":"<p><a href=\"http:\/\/www.fuldaer-nachrichten.de\/wp-content\/uploads\/2012\/08\/IMG_0752.jpg\"><img fetchpriority=\"high\" decoding=\"async\" class=\"alignleft size-thumbnail wp-image-101374\" title=\"IMG_0752\" src=\"http:\/\/www.fuldaer-nachrichten.de\/wp-content\/uploads\/2012\/08\/IMG_0752-265x353.jpg\" alt=\"\" width=\"265\" height=\"353\" srcset=\"https:\/\/www.fuldaernachrichten.de\/wp-content\/uploads\/2012\/08\/IMG_0752-265x353.jpg 265w, https:\/\/www.fuldaernachrichten.de\/wp-content\/uploads\/2012\/08\/IMG_0752-198x265.jpg 198w, https:\/\/www.fuldaernachrichten.de\/wp-content\/uploads\/2012\/08\/IMG_0752-450x600.jpg 450w, https:\/\/www.fuldaernachrichten.de\/wp-content\/uploads\/2012\/08\/IMG_0752.jpg 600w\" sizes=\"(max-width: 265px) 100vw, 265px\" \/><\/a>Poppenhausen. Zum 23. Mal veranstaltet die Gemeinde Poppenhausen am Sonntag, 02. September 2012 auf dem Marktplatz den traditionellen Handwerker- und Bauernmarkt. Um 11.00 Uhr wird B\u00fcrgermeister Manfred Helfrich mit weiteren Ehreng\u00e4sten den Markt offiziell er\u00f6ffnen.Die Maumner Musikkapelle\u00c2\u00a0gibt anschlie\u00dfend ein z\u00fcnftiges Mittagskonzert und wird auf den Markttag einstimmen. Auf die Marktbesucher warten insgesamt \u00fcber 50 Aussteller aus der Region mit Direktvermarktungsprodukten aus der heimischen Landwirtschaft, Holzkunst, Spielzeug, selbstgemachte Geschenkartikel, Stoff- und Lederwaren, Kr\u00e4uter, Seife und Schmuck aus verschiedenen Materialien. Einige Kunsthandwerker zeigen ihr K\u00f6nnen.<!--more--><\/p>\n<p>F\u00fcr das Wohl der Besucher ist nat\u00fcrlich bestens gesorgt. Spezialit\u00e4ten vom Grill,\u00c2\u00a0 vegetarische Gerichte,\u00c2\u00a0 Blechkuchen, Waffeln und Crep\u00e8s werden von \u00f6rtlichen Vereinen und B\u00e4ckern, einheimischen Gastronomen mit \u201eRh\u00f6ner Charme\u201c schmackhaft zubereitet. Die Oldtimer-Traktoren-Schau der Schlepperfreunde Rh\u00f6n-L\u00fcttertal ist zu bestaunen.<\/p>\n<p>F\u00fcr die kleinen Marktbesucher wird ein abwechslungsreiches Kinderprogramm angeboten, z.B. Kinderschminken oder Ponyreiten im Hof vom Blumenladen oder basteln. Die Kindertanzgruppe des TSV Poppenhausen f\u00fchrt um 15.30 Uhr ihre neuesten T\u00e4nze auf und wird bestimmt alle Marktbesucher begeistern. Auf dem Kinderflohmarkt findet man vielleicht etwas, wonach man schon lange gesucht hat. Ein Gro\u00dfteil der Poppenhausener Gesch\u00e4fte \u00f6ffnen zum verkaufsoffenen Sonntag ihre T\u00fcren und das Blument\u00f6pfchen l\u00e4dt dar\u00fcber hinaus traditionell alle Marktbesucher zu einer floralen Ausstellung im Gew\u00f6lbekeller ein. Der Essener Fotograf und Reisejournalist Michael Moll pr\u00e4sentiert im Rathaus die Fotoausstellung \u201esakrale Orte unserer Welt\u201c.<\/p>\n","protected":false},"excerpt":{"rendered":"<div class=\"tmnf_excerpt\"><p>Poppenhausen. Zum 23. Mal veranstaltet die Gemeinde Poppenhausen am Sonntag, 02. September 2012 auf dem Marktplatz den traditionellen Handwerker- und Bauernmarkt. Um 11.00 Uhr wird B\u00fcrgermeister Manfred Helfrich mit weiteren Ehreng\u00e4sten den Markt offiziell er\u00f6ffnen.Die Maumner Musikkapelle\u00c2\u00a0gibt anschlie\u00dfend ein z\u00fcnftiges Mittagskonzert und wird auf den Markttag einstimmen. Auf die Marktbesucher warten insgesamt \u00fcber 50 Aussteller &hellip;<\/p>\n<\/div>","protected":false},"author":1,"featured_media":0,"comment_status":"closed","ping_status":"closed","sticky":false,"template":"","format":"standard","meta":{"footnotes":""},"categories":[1,44],"tags":[],"class_list":["post-101372","post","type-post","status-publish","format-standard","hentry","category-startseite","category-kultur"],"_links":{"self":[{"href":"https:\/\/www.fuldaernachrichten.de\/index.php?rest_route=\/wp\/v2\/posts\/101372","targetHints":{"allow":["GET"]}}],"collection":[{"href":"https:\/\/www.fuldaernachrichten.de\/index.php?rest_route=\/wp\/v2\/posts"}],"about":[{"href":"https:\/\/www.fuldaernachrichten.de\/index.php?rest_route=\/wp\/v2\/types\/post"}],"author":[{"embeddable":true,"href":"https:\/\/www.fuldaernachrichten.de\/index.php?rest_route=\/wp\/v2\/users\/1"}],"replies":[{"embeddable":true,"href":"https:\/\/www.fuldaernachrichten.de\/index.php?rest_route=%2Fwp%2Fv2%2Fcomments&post=101372"}],"version-history":[{"count":0,"href":"https:\/\/www.fuldaernachrichten.de\/index.php?rest_route=\/wp\/v2\/posts\/101372\/revisions"}],"wp:attachment":[{"href":"https:\/\/www.fuldaernachrichten.de\/index.php?rest_route=%2Fwp%2Fv2%2Fmedia&parent=101372"}],"wp:term":[{"taxonomy":"category","embeddable":true,"href":"https:\/\/www.fuldaernachrichten.de\/index.php?rest_route=%2Fwp%2Fv2%2Fcategories&post=101372"},{"taxonomy":"post_tag","embeddable":true,"href":"https:\/\/www.fuldaernachrichten.de\/index.php?rest_route=%2Fwp%2Fv2%2Ftags&post=101372"}],"curies":[{"name":"wp","href":"https:\/\/api.w.org\/{rel}","templated":true}]}}