{"id":101366,"date":"2012-08-27T00:14:21","date_gmt":"2012-08-27T00:14:21","guid":{"rendered":"http:\/\/www.fuldaer-nachrichten.de\/?p=101366"},"modified":"2012-08-27T09:02:49","modified_gmt":"2012-08-27T09:02:49","slug":"justizminister-jorg-uwe-hahn-verabschiedet-den-leitenden-oberstaatsanwalt-peter-gast-bei-der-staatsanwaltschaft-fulda-in-den-ruhestand","status":"publish","type":"post","link":"https:\/\/www.fuldaernachrichten.de\/?p=101366","title":{"rendered":"Justizminister J\u00f6rg-Uwe Hahn verabschiedet den Leitenden Oberstaatsanwalt bei der Staatsanwaltschaft Fulda in den Ruhestand"},"content":{"rendered":"<p>Wiesbaden\/Fulda. \u201ePeter Gast hat sich als Leitender Oberstaatsanwalt als Leiter der Staatsanwaltschaft Fulda w\u00e4hrend seiner langj\u00e4hrigen Dienstzeit gro\u00dfe Verdienste um die hessische Justiz erworben. Mit gro\u00dfem Engagement und kompetenter Hand hat er die Beh\u00f6rde vorbildlich geleitet. Wir verabschieden heute einen hochqualifizierten und profilierten Beh\u00f6rdenleiter der Justiz\u201c, sagte Justizminister J\u00f6rg-Uwe Hahn. Peter Gast tritt nach Erreichen der Altersgrenze am 1. September 2012 in den Ruhestand.<!--more--><br \/>\nPeter Gast wurde am 21. Juli 1947 in Seligenstadt geboren. Nach dem Abitur begann er 1968 das Studium der Rechtswissenschaften. 1973 legte er sein erstes juristisches Staatsexamen ab. 1973 erfolgte seine Ernennung zum Gerichtsreferendar und der Beginn des juristischen Vorbereitungsdienstes im Landgerichtsbezirk Gie\u00dfen.<\/p>\n<p>1976 absolvierte er seine zweite juristische Staatspr\u00fcfung. Danach war er bis 1982 bei der Staatsanwaltschaft Frankfurt am Main t\u00e4tig. Im Februar 1982 erfolgte eine Versetzung an die Staatsanwaltschaft Gie\u00dfen.\u00c2\u00a0 Von 1989 bis 1991 war er an die Generalstaatsanwaltschaft Frankfurt am Main abgeordnet. Seine Ernennung zum Oberstaatsanwalt bei der Generalstaatsanwaltschaft Frankfurt am Main erfolgte 1991. Weitere Abordnungen erfolgten in den Jahren 1995 bis 1998 an die Staatsanwaltschaft Marburg und an die Staatsanwaltschaft Gie\u00dfen.<\/p>\n<p>In den Jahren 1998 bis 2000 war er mit der Wahrnehmung der Aufgaben eines Abteilungsleiters, sp\u00e4ter als Abteilungsleiter, und zugleich st\u00e4ndigen Vertreters der Leitenden Oberstaatsanw\u00e4ltin bei der Staatsanwaltschaft Marburg beauftragt. Im Dezember 2000 erfolgte die Versetzung an die Staatsanwaltschaft Gie\u00dfen. 2008 wurde er zum Leitenden Oberstaatsanwalt als Leiter bei der Staatsanwaltschaft Fulda ernannt.\u00c2\u00a0 Am 1. September 2012 tritt Peter Gast nach Erreichen der Altersgrenze in den Ruhestand.<\/p>\n","protected":false},"excerpt":{"rendered":"<div class=\"tmnf_excerpt\"><p>Wiesbaden\/Fulda. \u201ePeter Gast hat sich als Leitender Oberstaatsanwalt als Leiter der Staatsanwaltschaft Fulda w\u00e4hrend seiner langj\u00e4hrigen Dienstzeit gro\u00dfe Verdienste um die hessische Justiz erworben. Mit gro\u00dfem Engagement und kompetenter Hand hat er die Beh\u00f6rde vorbildlich geleitet. Wir verabschieden heute einen hochqualifizierten und profilierten Beh\u00f6rdenleiter der Justiz\u201c, sagte Justizminister J\u00f6rg-Uwe Hahn. Peter Gast tritt nach Erreichen &hellip;<\/p>\n<\/div>","protected":false},"author":1,"featured_media":0,"comment_status":"closed","ping_status":"closed","sticky":false,"template":"","format":"standard","meta":{"footnotes":""},"categories":[1],"tags":[],"class_list":["post-101366","post","type-post","status-publish","format-standard","hentry","category-startseite"],"_links":{"self":[{"href":"https:\/\/www.fuldaernachrichten.de\/index.php?rest_route=\/wp\/v2\/posts\/101366","targetHints":{"allow":["GET"]}}],"collection":[{"href":"https:\/\/www.fuldaernachrichten.de\/index.php?rest_route=\/wp\/v2\/posts"}],"about":[{"href":"https:\/\/www.fuldaernachrichten.de\/index.php?rest_route=\/wp\/v2\/types\/post"}],"author":[{"embeddable":true,"href":"https:\/\/www.fuldaernachrichten.de\/index.php?rest_route=\/wp\/v2\/users\/1"}],"replies":[{"embeddable":true,"href":"https:\/\/www.fuldaernachrichten.de\/index.php?rest_route=%2Fwp%2Fv2%2Fcomments&post=101366"}],"version-history":[{"count":1,"href":"https:\/\/www.fuldaernachrichten.de\/index.php?rest_route=\/wp\/v2\/posts\/101366\/revisions"}],"predecessor-version":[{"id":101367,"href":"https:\/\/www.fuldaernachrichten.de\/index.php?rest_route=\/wp\/v2\/posts\/101366\/revisions\/101367"}],"wp:attachment":[{"href":"https:\/\/www.fuldaernachrichten.de\/index.php?rest_route=%2Fwp%2Fv2%2Fmedia&parent=101366"}],"wp:term":[{"taxonomy":"category","embeddable":true,"href":"https:\/\/www.fuldaernachrichten.de\/index.php?rest_route=%2Fwp%2Fv2%2Fcategories&post=101366"},{"taxonomy":"post_tag","embeddable":true,"href":"https:\/\/www.fuldaernachrichten.de\/index.php?rest_route=%2Fwp%2Fv2%2Ftags&post=101366"}],"curies":[{"name":"wp","href":"https:\/\/api.w.org\/{rel}","templated":true}]}}