{"id":101363,"date":"2012-08-27T00:16:25","date_gmt":"2012-08-27T00:16:25","guid":{"rendered":"http:\/\/www.fuldaer-nachrichten.de\/?p=101363"},"modified":"2012-08-27T08:56:47","modified_gmt":"2012-08-27T08:56:47","slug":"englisch-im-unterrichtsraum-und-zu-hause-am-pc","status":"publish","type":"post","link":"https:\/\/www.fuldaernachrichten.de\/?p=101363","title":{"rendered":"Englisch im Unterrichtsraum und zu Hause am PC"},"content":{"rendered":"<p>Fulda. Einen neuartigen Englischkurs unter Leitung von Cvetanka Walter bietet die Volkshochschule des Landkreises Fulda an. Er stellt eine Kombination aus einem regul\u00e4ren Englischkurs (Grundstufe A1 mit Vorkenntnissen) und der zus\u00e4tzlichen M\u00f6glichkeit dar, zu Hause am PC mit der Lernplattform moodle zu lernen. Kursbeginn ist Mittwoch, 5. September, um 16.45 Uhr im Georg-Stieler-Haus, Gallasiniring 1. Voranmeldung bis zum 28. August bei der vhs-Gesch\u00e4ftsstelle, Telefon (0661)25199-0, oder <a href=\"http:\/\/www.vhs-fulda.de\/\">www.vhs-fulda.de<\/a>.<\/p>\n","protected":false},"excerpt":{"rendered":"<div class=\"tmnf_excerpt\"><p>Fulda. Einen neuartigen Englischkurs unter Leitung von Cvetanka Walter bietet die Volkshochschule des Landkreises Fulda an. Er stellt eine Kombination aus einem regul\u00e4ren Englischkurs (Grundstufe A1 mit Vorkenntnissen) und der zus\u00e4tzlichen M\u00f6glichkeit dar, zu Hause am PC mit der Lernplattform moodle zu lernen. Kursbeginn ist Mittwoch, 5. September, um 16.45 Uhr im Georg-Stieler-Haus, Gallasiniring 1. &hellip;<\/p>\n<\/div>","protected":false},"author":1,"featured_media":0,"comment_status":"closed","ping_status":"closed","sticky":false,"template":"","format":"standard","meta":{"footnotes":""},"categories":[1,53],"tags":[],"class_list":["post-101363","post","type-post","status-publish","format-standard","hentry","category-startseite","category-bildung"],"_links":{"self":[{"href":"https:\/\/www.fuldaernachrichten.de\/index.php?rest_route=\/wp\/v2\/posts\/101363","targetHints":{"allow":["GET"]}}],"collection":[{"href":"https:\/\/www.fuldaernachrichten.de\/index.php?rest_route=\/wp\/v2\/posts"}],"about":[{"href":"https:\/\/www.fuldaernachrichten.de\/index.php?rest_route=\/wp\/v2\/types\/post"}],"author":[{"embeddable":true,"href":"https:\/\/www.fuldaernachrichten.de\/index.php?rest_route=\/wp\/v2\/users\/1"}],"replies":[{"embeddable":true,"href":"https:\/\/www.fuldaernachrichten.de\/index.php?rest_route=%2Fwp%2Fv2%2Fcomments&post=101363"}],"version-history":[{"count":0,"href":"https:\/\/www.fuldaernachrichten.de\/index.php?rest_route=\/wp\/v2\/posts\/101363\/revisions"}],"wp:attachment":[{"href":"https:\/\/www.fuldaernachrichten.de\/index.php?rest_route=%2Fwp%2Fv2%2Fmedia&parent=101363"}],"wp:term":[{"taxonomy":"category","embeddable":true,"href":"https:\/\/www.fuldaernachrichten.de\/index.php?rest_route=%2Fwp%2Fv2%2Fcategories&post=101363"},{"taxonomy":"post_tag","embeddable":true,"href":"https:\/\/www.fuldaernachrichten.de\/index.php?rest_route=%2Fwp%2Fv2%2Ftags&post=101363"}],"curies":[{"name":"wp","href":"https:\/\/api.w.org\/{rel}","templated":true}]}}