{"id":101361,"date":"2012-08-27T00:18:33","date_gmt":"2012-08-27T00:18:33","guid":{"rendered":"http:\/\/www.fuldaer-nachrichten.de\/?p=101361"},"modified":"2012-08-27T08:56:14","modified_gmt":"2012-08-27T08:56:14","slug":"padagogische-mittagsbetreuung-in-grosenluder-ludertalschule-erhalt-mensa-grundschule-st-georg-ausgabekuche","status":"publish","type":"post","link":"https:\/\/www.fuldaernachrichten.de\/?p=101361","title":{"rendered":"P\u00e4dagogische Mittagsbetreuung in Gro\u00dfenl\u00fcder &#8211; L\u00fcdertalschule erh\u00e4lt Mensa, Grundschule St. Georg Ausgabek\u00fcche"},"content":{"rendered":"<p><a href=\"http:\/\/www.fuldaer-nachrichten.de\/wp-content\/uploads\/2012\/08\/389-Baugrundst\u00fcck-f\u00fcr-Mensa-L\u00fcdertalschule.jpg\"><img decoding=\"async\" class=\"alignleft size-thumbnail wp-image-101362\" title=\"389-Baugrundst\u00fcck f\u00fcr Mensa L\u00fcdertalschule\" src=\"http:\/\/www.fuldaer-nachrichten.de\/wp-content\/uploads\/2012\/08\/389-Baugrundst\u00fcck-f\u00fcr-Mensa-L\u00fcdertalschule-265x176.jpg\" alt=\"\" width=\"265\" height=\"176\" \/><\/a>Gro\u00dfenl\u00fcder\/Mittelkalbach. Der Landkreis Fulda investiert weiter am Schulstandort Gro\u00dfenl\u00fcder. An der L\u00fcdertalschule sollen ebenso wie an der Grundschule St. Georg die baulichen Voraussetzungen f\u00fcr eine p\u00e4dagogische Mittagsbetreuung geschaffen werden. F\u00fcr den Neubau einer Mensa an der L\u00fcdertalschule, die von den Sch\u00fclern der benachbarten Friedrich-von-Bodelschwingh-Schule mitgenutzt werden kann, hat der Kreisausschuss die ersten Erd-\/Mauer-\/Betonarbeiten f\u00fcr 171.100 Euro, die Metallbauarbeiten f\u00fcr 44.600 Euro und die Dachdeckerarbeiten f\u00fcr 33.200 Euro vergeben. Insgesamt sind die Kosten einschlie\u00dflich Innenausstattung mit 610.000 Euro veranschlagt. Die Bauarbeiten werden in den n\u00e4chsten Wochen beginnen und sollen zu Beginn des kommenden Schulhalbjahres abgeschlossen sein. Au\u00dferdem erh\u00e4lt die L\u00fcdertalschule eine neue Mediathek sowie weitere R\u00e4umlichkeiten f\u00fcr die Nachmittagsbetreuung.<!--more--><\/p>\n<p>Eine Ausgabek\u00fcche ist f\u00fcr die Grundschule St. Georg geplant. Die Kosten f\u00fcr notwendige Umbauma\u00dfnahmen belaufen sich einschlie\u00dflich Innenausstattung auf 230.000 Euro. Auch hier sollen frei werdende R\u00e4ume k\u00fcnftig f\u00fcr die Nachmittagsbetreuung genutzt werden. Bei der Grundschule in Mittelkalbach wird ein Erweiterungsbau mit vier Klassenr\u00e4umen errichtet. Entsprechend des Baufortschritts wurden f\u00fcr 39.000 Euro die Dachabdichtungs- und Spenglerarbeiten an den kosteng\u00fcnstigsten Anbieter vergeben. Au\u00dferdem erhielt in der Kreisausschusssitzung das niedrigschwellige Betreuungsangebot des Vereins \u201eTapetenwechsel\u201c zur Entlastung von pflegenden Angeh\u00f6rigen die Anerkennung.<\/p>\n","protected":false},"excerpt":{"rendered":"<div class=\"tmnf_excerpt\"><p>Gro\u00dfenl\u00fcder\/Mittelkalbach. Der Landkreis Fulda investiert weiter am Schulstandort Gro\u00dfenl\u00fcder. An der L\u00fcdertalschule sollen ebenso wie an der Grundschule St. Georg die baulichen Voraussetzungen f\u00fcr eine p\u00e4dagogische Mittagsbetreuung geschaffen werden. F\u00fcr den Neubau einer Mensa an der L\u00fcdertalschule, die von den Sch\u00fclern der benachbarten Friedrich-von-Bodelschwingh-Schule mitgenutzt werden kann, hat der Kreisausschuss die ersten Erd-\/Mauer-\/Betonarbeiten f\u00fcr 171.100 &hellip;<\/p>\n<\/div>","protected":false},"author":1,"featured_media":0,"comment_status":"closed","ping_status":"closed","sticky":false,"template":"","format":"standard","meta":{"footnotes":""},"categories":[1,53],"tags":[],"class_list":["post-101361","post","type-post","status-publish","format-standard","hentry","category-startseite","category-bildung"],"_links":{"self":[{"href":"https:\/\/www.fuldaernachrichten.de\/index.php?rest_route=\/wp\/v2\/posts\/101361","targetHints":{"allow":["GET"]}}],"collection":[{"href":"https:\/\/www.fuldaernachrichten.de\/index.php?rest_route=\/wp\/v2\/posts"}],"about":[{"href":"https:\/\/www.fuldaernachrichten.de\/index.php?rest_route=\/wp\/v2\/types\/post"}],"author":[{"embeddable":true,"href":"https:\/\/www.fuldaernachrichten.de\/index.php?rest_route=\/wp\/v2\/users\/1"}],"replies":[{"embeddable":true,"href":"https:\/\/www.fuldaernachrichten.de\/index.php?rest_route=%2Fwp%2Fv2%2Fcomments&post=101361"}],"version-history":[{"count":0,"href":"https:\/\/www.fuldaernachrichten.de\/index.php?rest_route=\/wp\/v2\/posts\/101361\/revisions"}],"wp:attachment":[{"href":"https:\/\/www.fuldaernachrichten.de\/index.php?rest_route=%2Fwp%2Fv2%2Fmedia&parent=101361"}],"wp:term":[{"taxonomy":"category","embeddable":true,"href":"https:\/\/www.fuldaernachrichten.de\/index.php?rest_route=%2Fwp%2Fv2%2Fcategories&post=101361"},{"taxonomy":"post_tag","embeddable":true,"href":"https:\/\/www.fuldaernachrichten.de\/index.php?rest_route=%2Fwp%2Fv2%2Ftags&post=101361"}],"curies":[{"name":"wp","href":"https:\/\/api.w.org\/{rel}","templated":true}]}}