{"id":10136,"date":"2008-06-27T00:04:28","date_gmt":"2008-06-26T22:04:28","guid":{"rendered":"http:\/\/www.schoene-nachrichten.de\/?p=10136"},"modified":"2008-06-26T23:10:47","modified_gmt":"2008-06-26T21:10:47","slug":"festumzug-deutscher-wandertag-malteser-empfehlen-viel-trinken-sonnenschutz-und-medikamente-nicht-vergessen","status":"publish","type":"post","link":"https:\/\/www.fuldaernachrichten.de\/?p=10136","title":{"rendered":"Festumzug Deutscher Wandertag &#8211; Malteser empfehlen: Viel trinken, Sonnenschutz und Medikamente nicht vergessen!"},"content":{"rendered":"<p><strong>Fulda. <\/strong>Der Festzug zum Abschluss des Deutschen Wandertages wird einer der H\u00f6hepunkte der Veranstaltung sein &#8211; damit er allen in bester Erinnerung bleibt, sorgen die Malteser f\u00fcr die Besucher. &#8220;\u00dcber 80 Helfer, sechs \u00c4rzte und ein halbes Dutzend Rettungs- und Notarztwagen stehen bereit, wenn etwas passiert&#8221;, berichtet Dr. Bertram Stitz, Notarzt und Einsatzleiter der Malteser am Sonntag. Aber: &#8220;Vorbeugen ist besser als heilen!&#8221;<!--more--><\/p>\n<p>F\u00fcr den Sonntag werden sommerliche Temperaturen und trockenes Wetter erwartet. &#8220;Wichtig ist, dass die Teilnehmer und Besucher des Festzuges ausreichend trinken&#8221;, sagt Stitz und meint damit mindestens eineinhalb bis zwei Liter Mineralwasser oder Apfelsaftschorle \u00fcber den Tag. Aber nicht nur der Kreislauf ist bedroht: &#8220;Wir sehen bei Gro\u00dfveranstaltungen h\u00e4ufig gro\u00dffl\u00e4chige Sonnenbr\u00e4nde und immer wieder auch Patienten mit Sonnenstich, die dann ins Krankenhaus m\u00fcssen.<\/p>\n<p>Die meisten vergessen, dass sie mehrere Stunden lang nicht in den Schatten k\u00f6nnen und die Sonnenstrahlung auch d\u00fcnne Wolken durchdringt&#8221;. Daher empfehlen die Spezialisten der Malteser Sonnencreme und Kopfbedeckungen f\u00fcr alle Besucher. Besonders f\u00fcr \u00e4ltere Teilnehmer bestimmt ist der abschlie\u00dfende Tipp: &#8220;Chronische Krankheiten machen auch bei gro\u00dfen Festen keine Pause &#8211; nehmen Sie Ihre Medikamente wie gewohnt ein und nehmen Sie sie mit, damit die Sanit\u00e4ter und \u00c4rzte im Notfall gezielt helfen k\u00f6nnen!&#8221;<\/p>\n<p>&#8220;Wir freuen uns auf einen sch\u00f6nen Sonntag in Fulda und hoffen auf wenig Arbeit f\u00fcr uns ehrenamtliche Einsatzkr\u00e4fte!&#8221; sagt Stitz, der am Sonntag mit einem Stab die Helfer koordinieren wird. &#8220;Wir sind froh, wenn keiner der G\u00e4ste unsere Arbeit sieht &#8211; und allen nur ein toller Tag in Erinnerung bleibt.&#8221; (tg)<\/p>\n","protected":false},"excerpt":{"rendered":"<div class=\"tmnf_excerpt\"><p>Fulda. Der Festzug zum Abschluss des Deutschen Wandertages wird einer der H\u00f6hepunkte der Veranstaltung sein &#8211; damit er allen in bester Erinnerung bleibt, sorgen die Malteser f\u00fcr die Besucher. &#8220;\u00dcber 80 Helfer, sechs \u00c4rzte und ein halbes Dutzend Rettungs- und Notarztwagen stehen bereit, wenn etwas passiert&#8221;, berichtet Dr. Bertram Stitz, Notarzt und Einsatzleiter der Malteser &hellip;<\/p>\n<\/div>","protected":false},"author":1,"featured_media":0,"comment_status":"closed","ping_status":"closed","sticky":false,"template":"","format":"standard","meta":{"footnotes":""},"categories":[1],"tags":[],"class_list":["post-10136","post","type-post","status-publish","format-standard","hentry","category-startseite"],"_links":{"self":[{"href":"https:\/\/www.fuldaernachrichten.de\/index.php?rest_route=\/wp\/v2\/posts\/10136","targetHints":{"allow":["GET"]}}],"collection":[{"href":"https:\/\/www.fuldaernachrichten.de\/index.php?rest_route=\/wp\/v2\/posts"}],"about":[{"href":"https:\/\/www.fuldaernachrichten.de\/index.php?rest_route=\/wp\/v2\/types\/post"}],"author":[{"embeddable":true,"href":"https:\/\/www.fuldaernachrichten.de\/index.php?rest_route=\/wp\/v2\/users\/1"}],"replies":[{"embeddable":true,"href":"https:\/\/www.fuldaernachrichten.de\/index.php?rest_route=%2Fwp%2Fv2%2Fcomments&post=10136"}],"version-history":[{"count":0,"href":"https:\/\/www.fuldaernachrichten.de\/index.php?rest_route=\/wp\/v2\/posts\/10136\/revisions"}],"wp:attachment":[{"href":"https:\/\/www.fuldaernachrichten.de\/index.php?rest_route=%2Fwp%2Fv2%2Fmedia&parent=10136"}],"wp:term":[{"taxonomy":"category","embeddable":true,"href":"https:\/\/www.fuldaernachrichten.de\/index.php?rest_route=%2Fwp%2Fv2%2Fcategories&post=10136"},{"taxonomy":"post_tag","embeddable":true,"href":"https:\/\/www.fuldaernachrichten.de\/index.php?rest_route=%2Fwp%2Fv2%2Ftags&post=10136"}],"curies":[{"name":"wp","href":"https:\/\/api.w.org\/{rel}","templated":true}]}}