{"id":101359,"date":"2012-08-27T00:20:52","date_gmt":"2012-08-27T00:20:52","guid":{"rendered":"http:\/\/www.fuldaer-nachrichten.de\/?p=101359"},"modified":"2012-08-27T08:53:49","modified_gmt":"2012-08-27T08:53:49","slug":"loschgruppe-aus-tann-erreicht-platz-drei-bei-feuerwehrleistungsubung-auf-landesebene","status":"publish","type":"post","link":"https:\/\/www.fuldaernachrichten.de\/?p=101359","title":{"rendered":"L\u00f6schgruppe aus Tann erreicht Platz drei bei Feuerwehrleistungs\u00fcbung auf Landesebene"},"content":{"rendered":"<p><a href=\"http:\/\/www.fuldaer-nachrichten.de\/wp-content\/uploads\/2012\/08\/Mail-Anhang.jpeg\"><img decoding=\"async\" class=\"alignleft size-thumbnail wp-image-101360\" title=\"Mail-Anhang\" src=\"http:\/\/www.fuldaer-nachrichten.de\/wp-content\/uploads\/2012\/08\/Mail-Anhang-265x176.jpg\" alt=\"\" width=\"265\" height=\"176\" srcset=\"https:\/\/www.fuldaernachrichten.de\/wp-content\/uploads\/2012\/08\/Mail-Anhang-265x176.jpg 265w, https:\/\/www.fuldaernachrichten.de\/wp-content\/uploads\/2012\/08\/Mail-Anhang.jpeg 600w\" sizes=\"(max-width: 265px) 100vw, 265px\" \/><\/a>Tann. Gro\u00dfer Jubel bei der Mannschaft aus Tann (Rh\u00f6n): Mit einem Wertungsergebnis von 88,2 % und somit dem hervorragenden 3. Platz schloss das Team, das sich aus Feuerwehrkameraden verschiedener Stadtteile zusammensetzt, die Feuerwehrleistungs\u00fcbung auf Ebene des Landes Hessen ab. Erster des Wettbewerbs, der am 26. August in Hungen (Kreis Gie\u00dfen) stattfand, war die Feuerwehr Steinau an der Stra\u00dfe \u2013 Uerzell\/Neustall I, Platz zwei belegte Waldeck \u2013 Ober-Werbe (beide 88,9 %).<!--more--><br \/>\nAus dem Landkreis Fulda hatten sich noch weitere sechs Feuerwehren f\u00fcr den Landeswettbewerb qualifiziert. Sie erreichten unter den insgesamt 21 teilnehmenden Feuerwehren folgende Platzierungen: Gro\u00dfenl\u00fcder-Bimbach wurde knapp hinter Tann Vierter (87,8 %). Platz 8 Flieden \u2013 Magdlos (85,8 %), Platz 12 H\u00fcnfeld \u2013 Michelsrombach II (84,4 %),\u00c2\u00a0 Platz 14 Ebersburg \u2013 Ried (83,7 %), Platz 17 Eiterfeld \u2013 Gro\u00dfentaft I (82,3 %) und Platz 20 Flieden \u2013 Stork I (81,9 %).<\/p>\n","protected":false},"excerpt":{"rendered":"<div class=\"tmnf_excerpt\"><p>Tann. Gro\u00dfer Jubel bei der Mannschaft aus Tann (Rh\u00f6n): Mit einem Wertungsergebnis von 88,2 % und somit dem hervorragenden 3. Platz schloss das Team, das sich aus Feuerwehrkameraden verschiedener Stadtteile zusammensetzt, die Feuerwehrleistungs\u00fcbung auf Ebene des Landes Hessen ab. Erster des Wettbewerbs, der am 26. August in Hungen (Kreis Gie\u00dfen) stattfand, war die Feuerwehr Steinau &hellip;<\/p>\n<\/div>","protected":false},"author":1,"featured_media":0,"comment_status":"closed","ping_status":"closed","sticky":false,"template":"","format":"standard","meta":{"footnotes":""},"categories":[1,71],"tags":[],"class_list":["post-101359","post","type-post","status-publish","format-standard","hentry","category-startseite","category-feuerwehr"],"_links":{"self":[{"href":"https:\/\/www.fuldaernachrichten.de\/index.php?rest_route=\/wp\/v2\/posts\/101359","targetHints":{"allow":["GET"]}}],"collection":[{"href":"https:\/\/www.fuldaernachrichten.de\/index.php?rest_route=\/wp\/v2\/posts"}],"about":[{"href":"https:\/\/www.fuldaernachrichten.de\/index.php?rest_route=\/wp\/v2\/types\/post"}],"author":[{"embeddable":true,"href":"https:\/\/www.fuldaernachrichten.de\/index.php?rest_route=\/wp\/v2\/users\/1"}],"replies":[{"embeddable":true,"href":"https:\/\/www.fuldaernachrichten.de\/index.php?rest_route=%2Fwp%2Fv2%2Fcomments&post=101359"}],"version-history":[{"count":0,"href":"https:\/\/www.fuldaernachrichten.de\/index.php?rest_route=\/wp\/v2\/posts\/101359\/revisions"}],"wp:attachment":[{"href":"https:\/\/www.fuldaernachrichten.de\/index.php?rest_route=%2Fwp%2Fv2%2Fmedia&parent=101359"}],"wp:term":[{"taxonomy":"category","embeddable":true,"href":"https:\/\/www.fuldaernachrichten.de\/index.php?rest_route=%2Fwp%2Fv2%2Fcategories&post=101359"},{"taxonomy":"post_tag","embeddable":true,"href":"https:\/\/www.fuldaernachrichten.de\/index.php?rest_route=%2Fwp%2Fv2%2Ftags&post=101359"}],"curies":[{"name":"wp","href":"https:\/\/api.w.org\/{rel}","templated":true}]}}