{"id":101350,"date":"2012-08-27T08:37:04","date_gmt":"2012-08-27T08:37:04","guid":{"rendered":"http:\/\/www.fuldaer-nachrichten.de\/?p=101350"},"modified":"2012-08-27T08:37:04","modified_gmt":"2012-08-27T08:37:04","slug":"volles-haus-am-fluss-dajek-knittel-preis-fur-michel-zentgraf","status":"publish","type":"post","link":"https:\/\/www.fuldaernachrichten.de\/?p=101350","title":{"rendered":"Volles Haus am Fluss &#8211; Dajek-Knittel-Preis f\u00fcr Michel Zentgraf"},"content":{"rendered":"<p><a href=\"http:\/\/www.fuldaer-nachrichten.de\/wp-content\/uploads\/2012\/08\/DSC01175.jpg\"><img decoding=\"async\" class=\"alignleft size-thumbnail wp-image-101351\" title=\"DSC01175\" src=\"http:\/\/www.fuldaer-nachrichten.de\/wp-content\/uploads\/2012\/08\/DSC01175-265x148.jpg\" alt=\"\" width=\"265\" height=\"148\" srcset=\"https:\/\/www.fuldaernachrichten.de\/wp-content\/uploads\/2012\/08\/DSC01175-265x148.jpg 265w, https:\/\/www.fuldaernachrichten.de\/wp-content\/uploads\/2012\/08\/DSC01175.jpg 600w\" sizes=\"(max-width: 265px) 100vw, 265px\" \/><\/a>Fulda. Oberb\u00fcrgermeister Gerhard M\u00f6ller hatte es sich nicht nehmen lassen und war trotz des str\u00f6menden Regens nach einer Wanderung zur Milseburg ans Bootshaus der Fuldaer Kanuten gekommen. Auf dem Programm stand die Vergabe des Dajek-Knittel-Preises 2012. Der Dajek-Knittel-Preis wurde am 23.09.1995 anl\u00e4sslich eines \u201eungew\u00f6hnlichen Empfanges\u201c von Andreas Dajek und Ulrich Knittel auf dem Universit\u00e4tsplatz in Fulda &#8211; durch Oberb\u00fcrgermeister Dr. Wolfgang Hamberger ins Leben gerufen. Der Empfang wurde auf Grund der hervorragenden Leistungen der Fuldaer Spitzenkanuten nach dem Gewinn ihrer 6. Weltmeisterschaftmedaille bei der WM in Bala von der Stadt Fulda initiiert. <!--more--><\/p>\n<p>Der Dajek-Knittel-Preis wird seitdem j\u00e4hrlich an die besten Fuldaer Nachwuchsfahrer vergeben. Zur Besten-Ermittlung werden das Rennen auf der oberen Fulda, die S\u00fcddeutsche und die Deutsche Meisterschaft herangezogen. In diesem Jahr war es der 12-j\u00e4hrige Michel Zentgraf der \u201egl\u00e4nzte\u201c. Alles was er anpackte, konnte er vergolden. In Hessen, in S\u00fcddeutschland und bei den nationalen Titelk\u00e4mpfen war er unschlagbar und hat Goldmedaillen ihm Sprint und auf der klassischen Distanz eingefahren. Michel kommt aus einer Kanuten-Familie, in der auch schon sein Opa Robert aktiv war. Im vergangenen Jahr war er der Star im Kinderkanal.<\/p>\n<p><a href=\"http:\/\/www.fuldaer-nachrichten.de\/wp-content\/uploads\/2012\/08\/Piaskowski-Zentgraf-M\u00f6ller.jpg\"><img decoding=\"async\" class=\"alignnone size-thumbnail wp-image-101354\" title=\"Piaskowski-Zentgraf-M\u00f6ller\" src=\"http:\/\/www.fuldaer-nachrichten.de\/wp-content\/uploads\/2012\/08\/Piaskowski-Zentgraf-M\u00f6ller-265x175.jpg\" alt=\"\" width=\"265\" height=\"175\" \/><\/a> <a href=\"http:\/\/www.fuldaer-nachrichten.de\/wp-content\/uploads\/2012\/08\/Kartonboote-am-Start.jpg\"><img decoding=\"async\" class=\"alignnone size-thumbnail wp-image-101352\" title=\"Kartonboote am Start\" src=\"http:\/\/www.fuldaer-nachrichten.de\/wp-content\/uploads\/2012\/08\/Kartonboote-am-Start-265x148.jpg\" alt=\"\" width=\"265\" height=\"148\" srcset=\"https:\/\/www.fuldaernachrichten.de\/wp-content\/uploads\/2012\/08\/Kartonboote-am-Start-265x148.jpg 265w, https:\/\/www.fuldaernachrichten.de\/wp-content\/uploads\/2012\/08\/Kartonboote-am-Start.jpg 600w\" sizes=\"(max-width: 265px) 100vw, 265px\" \/><\/a><\/p>\n<p>Im Film \u201eMichel auf wildem Wasser\u201c wurde er in der Sendung Fortsetzung auf seinem Weg zur Deutschen Meisterschaft begleitet. Oberb\u00fcrgermeister M\u00f6ller w\u00fcrdigte die Leistungen des jungen Nachwuchskanuten mit einer Urkunde und einem Scheck f\u00fcr die Kanu-Ausr\u00fcstung des Fuldaer Talentes. Zudem begl\u00fcckw\u00fcnschte der OB das Special Olympic Team des Kanu-Club-Fulda f\u00fcr die hervorragenden Leistungen bei den nationalen Special Olympics in M\u00fcnchen. Insbesondere dankte er den Trainern Thorsten Staubach und Julian Heil f\u00fcr die gute Arbeit und konnte zusammen mit Harald Piaskowski einen weiteren Trainer f\u00fcr diese Arbeit begr\u00fc\u00dfen. Jan Reith wird k\u00fcnftig als Assistenztrainer mit an Bord sein.<\/p>\n<p><a href=\"http:\/\/www.fuldaer-nachrichten.de\/wp-content\/uploads\/2012\/08\/OB-M\u00f6ller-und-Michel-Zentgraf.jpg\"><img loading=\"lazy\" decoding=\"async\" class=\"alignnone size-thumbnail wp-image-101355\" title=\"OB M\u00f6ller und Michel Zentgraf\" src=\"http:\/\/www.fuldaer-nachrichten.de\/wp-content\/uploads\/2012\/08\/OB-M\u00f6ller-und-Michel-Zentgraf-265x470.jpg\" alt=\"\" width=\"265\" height=\"470\" \/><\/a>\u00c2\u00a0<a href=\"http:\/\/www.fuldaer-nachrichten.de\/wp-content\/uploads\/2012\/08\/Im-Zweier-auf-der-Kanu-Rutsche.jpg\"><img loading=\"lazy\" decoding=\"async\" class=\"alignnone size-thumbnail wp-image-101356\" title=\"Im Zweier auf der Kanu-Rutsche\" src=\"http:\/\/www.fuldaer-nachrichten.de\/wp-content\/uploads\/2012\/08\/Im-Zweier-auf-der-Kanu-Rutsche-265x397.jpg\" alt=\"\" width=\"265\" height=\"397\" srcset=\"https:\/\/www.fuldaernachrichten.de\/wp-content\/uploads\/2012\/08\/Im-Zweier-auf-der-Kanu-Rutsche-265x397.jpg 265w, https:\/\/www.fuldaernachrichten.de\/wp-content\/uploads\/2012\/08\/Im-Zweier-auf-der-Kanu-Rutsche-176x265.jpg 176w, https:\/\/www.fuldaernachrichten.de\/wp-content\/uploads\/2012\/08\/Im-Zweier-auf-der-Kanu-Rutsche-399x600.jpg 399w, https:\/\/www.fuldaernachrichten.de\/wp-content\/uploads\/2012\/08\/Im-Zweier-auf-der-Kanu-Rutsche.jpg 600w\" sizes=\"(max-width: 265px) 100vw, 265px\" \/><\/a><\/p>\n<p>Die Ehrung fand im Rahmen des Tages der offenen Bootshaust\u00fcr statt. Nach dem es morgens tr\u00fcbe Aussichten gab und der Besucherzuspruch eher gering war, ging mittags die Sonne auf und die Fans des Kanu-Sports str\u00f6mten in das Haus am Fluss. Bald waren alle Pl\u00e4tze besetzt und die Boote ausgebucht. Patschnass war das Vergn\u00fcgen auf der Kanu-Rutsche, das sich die ganz mutigen trotz der niedrigen Temperaturen nicht nehmen lie\u00dfen. \u201eBetr\u00f6ppelt\u201c schauten die Kanuten, als p\u00fcnktlich zum Start des Kartonbootrennes um 14.00 Uhr erste Regenschauer einsetzten. Das tat der Stimmung anfangs keinen Abbruch. Nass wurde man sowieso, niemand blieb beim Spektakel der Kanu-Jugend trocken. Unter dem Motto \u201edabei sein ist alles\u201c k\u00e4mpften sich die Nachwuchspaddler ins Ziel. Viele der sch\u00f6nen Boote verwandelten sich schon kurz nach dem Start in \u201eU-Boote\u201c und gingen auf Grund. Eine tolle Show, die von der Firma SCA-Packaging unterst\u00fctzt wurde.<\/p>\n<p>Dass man auch Ball auf dem Wasser spielen kann, demonstrierten die Kanu-Polo-Teams des WS Wiesbaden und des Kanu-Club-Fulda mit Bravour. In einem packenden Kanu-Polo-Spiel, das vom KCF-Vize Dr. Norbert Gescher anschaulich moderiert wurde, gewannen die \u201eBlauen\u201c 2:1 gegen die \u201eRoten\u201c. Die Zuschauer waren aus dem H\u00e4uschen, wenn der ballf\u00fchrende Paddler versenkt wurde, um in Ballbesitz zu kommen; aber die Spezialisten mussten nicht aussteigen, die Boote wurde auch nur mit den H\u00e4nden \u201egerollt\u201c.<\/p>\n<p>Da der Regen immer st\u00e4rker wurde, machten sich immer mehr G\u00e4ste auf den Heimweg. Daher haben die Paddler ihr Fest fr\u00fchzeitig beendet. F\u00fcr alle, die zu sp\u00e4t oder zu kurz kamen, gibt es noch 2 Angebote. Den Wochenend-Kanu-Kurs f\u00fcr Erwachsene und den Anf\u00e4nger-Schnupper-Kurs f\u00fcr Kinder. Infos findet man unter <a href=\"http:\/\/www.kanu-club-fulda.de\" target=\"_blank\">www.kanu-club-fulda.de<\/a>.<br \/>\nText: Harald Piaskowski<br \/>\nBilder: Ulrike Zentgraf, Dominik Heldmann und David Piaskowski<\/p>\n","protected":false},"excerpt":{"rendered":"<div class=\"tmnf_excerpt\"><p>Fulda. Oberb\u00fcrgermeister Gerhard M\u00f6ller hatte es sich nicht nehmen lassen und war trotz des str\u00f6menden Regens nach einer Wanderung zur Milseburg ans Bootshaus der Fuldaer Kanuten gekommen. Auf dem Programm stand die Vergabe des Dajek-Knittel-Preises 2012. Der Dajek-Knittel-Preis wurde am 23.09.1995 anl\u00e4sslich eines \u201eungew\u00f6hnlichen Empfanges\u201c von Andreas Dajek und Ulrich Knittel auf dem Universit\u00e4tsplatz in &hellip;<\/p>\n<\/div>","protected":false},"author":1,"featured_media":0,"comment_status":"closed","ping_status":"closed","sticky":false,"template":"","format":"standard","meta":{"footnotes":""},"categories":[1,46],"tags":[],"class_list":["post-101350","post","type-post","status-publish","format-standard","hentry","category-startseite","category-sport"],"_links":{"self":[{"href":"https:\/\/www.fuldaernachrichten.de\/index.php?rest_route=\/wp\/v2\/posts\/101350","targetHints":{"allow":["GET"]}}],"collection":[{"href":"https:\/\/www.fuldaernachrichten.de\/index.php?rest_route=\/wp\/v2\/posts"}],"about":[{"href":"https:\/\/www.fuldaernachrichten.de\/index.php?rest_route=\/wp\/v2\/types\/post"}],"author":[{"embeddable":true,"href":"https:\/\/www.fuldaernachrichten.de\/index.php?rest_route=\/wp\/v2\/users\/1"}],"replies":[{"embeddable":true,"href":"https:\/\/www.fuldaernachrichten.de\/index.php?rest_route=%2Fwp%2Fv2%2Fcomments&post=101350"}],"version-history":[{"count":0,"href":"https:\/\/www.fuldaernachrichten.de\/index.php?rest_route=\/wp\/v2\/posts\/101350\/revisions"}],"wp:attachment":[{"href":"https:\/\/www.fuldaernachrichten.de\/index.php?rest_route=%2Fwp%2Fv2%2Fmedia&parent=101350"}],"wp:term":[{"taxonomy":"category","embeddable":true,"href":"https:\/\/www.fuldaernachrichten.de\/index.php?rest_route=%2Fwp%2Fv2%2Fcategories&post=101350"},{"taxonomy":"post_tag","embeddable":true,"href":"https:\/\/www.fuldaernachrichten.de\/index.php?rest_route=%2Fwp%2Fv2%2Ftags&post=101350"}],"curies":[{"name":"wp","href":"https:\/\/api.w.org\/{rel}","templated":true}]}}