{"id":101335,"date":"2012-08-27T00:09:25","date_gmt":"2012-08-27T00:09:25","guid":{"rendered":"http:\/\/www.fuldaer-nachrichten.de\/?p=101335"},"modified":"2012-08-26T17:48:47","modified_gmt":"2012-08-26T17:48:47","slug":"riesen-resonanz-auf-brunnenfest-bei-forstina","status":"publish","type":"post","link":"https:\/\/www.fuldaernachrichten.de\/?p=101335","title":{"rendered":"Riesen-Resonanz auf Brunnenfest bei F\u00f6rstina"},"content":{"rendered":"<p><a href=\"http:\/\/www.fuldaer-nachrichten.de\/wp-content\/uploads\/2012\/08\/13.jpg\"><img fetchpriority=\"high\" decoding=\"async\" class=\"alignnone size-full wp-image-101347\" title=\"1\" src=\"http:\/\/www.fuldaer-nachrichten.de\/wp-content\/uploads\/2012\/08\/13.jpg\" alt=\"\" width=\"560\" height=\"360\" \/><\/a><\/p>\n<p>Eichenzell-L\u00fctter. Der Eichenzeller Mineralbrunnen F\u00f6rstina Sprudel \u00f6ffnet wie jedes Jahr Ende August seine T\u00fcren zum Brunnenfest \u2013 und das lockte auch am gestrigen Sonntag wieder tausende Besucher an den Firmenstammsitz nach L\u00fctter. Ob die Sonne strahlt, ob es regnet, st\u00fcrmt oder schneit \u2013 in der riesigen Logistikhalle, die das Team des Mineralbrunnens F\u00f6rstina einmal im Jahr zum Festgel\u00e4nde umfunktioniert, ist die Stimmung am Brunnenfest immer ungebrochen.<!--more--><\/p>\n<p>Daf\u00fcr sorgte in jedem Jahr das gewohnt umfangreiche Rahmenprogramm: Auf der gro\u00dfen B\u00fchne des F\u00f6rstina Show-Trucks f\u00fchrten unter anderem wieder die deutschen Meister 2012, die \u201eEichezeller Schreckschruwe\u201c, ihre Showt\u00e4nze auf. \u201eRhythmus pur\u201c verspr\u00fchte die Showtanzgruppe Bahia Tropical mit ihren brasilianischen T\u00e4nzen, \u201eRodolfo Reyes und Terisa\u201c zeigten atemberaubende Balancekunst, und bei einer spannenden Xam-Trial-Bikeshow lie\u00dfen Balance, Konzentration, Bike- und K\u00f6rperbeherrschung dem Publikum den Atem stocken. Die kleinen Besucher konnten sich in der \u201eSpa\u00dffabrik\u201c austoben, die Gr\u00f6\u00dferen sich \u00fcber aktuelle Outdoor-Sport-Trends bei der Fahrradwelt Seng und Mack Mountain Sport informieren, ihre Fitness vom Gesundheitszentrum M\u00fcnsterfeld checken lassen, und sich bei der Fliegerschule Wasserkuppe informieren. In einem eigenen Themenbereich konnten die Besucher in die faszinierende Welt der Mini-Trucks eintauchen.<\/p>\n<p>F\u00fcr gute Unterhaltung sorgte der Musikverein L\u00fctter mit z\u00fcnftiger Blasmusik. Die gro\u00dfe Tombola des Brunnenfests hielt tolle Preise (Hauptpreise 1 bis 3: Eine Fahrt mit dem F\u00f6rstina Hei\u00dfluftballon) bereit, und die Erl\u00f6se gingen wie immer zu Gunsten eines guten Zwecks in der Region. 4000 Euro wurden an den Verein \u201eLeben und Arbeiten in Eichenzell e.V.\u201c \u00fcbergeben. \u201eDas Brunnenfest ist ein Fest f\u00fcr die ganze Familie \u2013 egal ob jung oder alt, hier wird den Besuchern aller Generationen etwas geboten. Das Brunnenfest ist nach der Hochsaison im Sommer aber auch ein Dankesch\u00f6n an unsere Mitarbeiter, unsere Kunden und die Region\u201c, erkl\u00e4rte Doris Ehrhardt, Seniorchefin von F\u00f6rstina. Und als Dankesch\u00f6n blieb der Erl\u00f6s aus der gro\u00dfen Festtombola in diesem Jahr in der Heimatgemeinde des Mineralbrunnens.<\/p>\n<p>Neben der guten Unterhaltung bot das Brunnenfest den Besuchern nat\u00fcrlich auch Rh\u00f6ner Spezialit\u00e4ten von den Gastronomien Biohof Gensler (Poppenhausen), Rh\u00f6ner Backhaus, Landgasthof Imhof (Rommerz), Gasthof Roth (Kreuzberg), Zum schwarzen Ross (L\u00fctter) und Blaue Lagune (Welkers) zu gewohnt familienfreundlichen Preisen. Und unz\u00e4hlige F\u00f6rstina-Getr\u00e4nke l\u00f6schten wie immer kostenlos die durstigen Kehlen der mehreren tausend Besucher.<\/p>\n\n\t\t<style>\n\t\t\t#gallery-1 {\n\t\t\t\tmargin: auto;\n\t\t\t}\n\t\t\t#gallery-1 .gallery-item {\n\t\t\t\tfloat: left;\n\t\t\t\tmargin-top: 10px;\n\t\t\t\ttext-align: center;\n\t\t\t\twidth: 50%;\n\t\t\t}\n\t\t\t#gallery-1 img {\n\t\t\t\tborder: 2px solid #cfcfcf;\n\t\t\t}\n\t\t\t#gallery-1 .gallery-caption {\n\t\t\t\tmargin-left: 0;\n\t\t\t}\n\t\t\t\/* see gallery_shortcode() in wp-includes\/media.php *\/\n\t\t<\/style>\n\t\t<div id='gallery-1' class='gallery galleryid-101335 gallery-columns-2 gallery-size-thumbnail'><dl class='gallery-item'>\n\t\t\t<dt class='gallery-icon landscape'>\n\t\t\t\t<a href='https:\/\/www.fuldaernachrichten.de\/wp-content\/uploads\/2012\/08\/12.jpg'><img decoding=\"async\" width=\"150\" height=\"100\" src=\"https:\/\/www.fuldaernachrichten.de\/wp-content\/uploads\/2012\/08\/12-265x176.jpg\" class=\"attachment-thumbnail size-thumbnail\" alt=\"\" srcset=\"https:\/\/www.fuldaernachrichten.de\/wp-content\/uploads\/2012\/08\/12-265x176.jpg 265w, https:\/\/www.fuldaernachrichten.de\/wp-content\/uploads\/2012\/08\/12.jpg 600w\" sizes=\"(max-width: 150px) 100vw, 150px\" \/><\/a>\n\t\t\t<\/dt><\/dl><dl class='gallery-item'>\n\t\t\t<dt class='gallery-icon landscape'>\n\t\t\t\t<a href='https:\/\/www.fuldaernachrichten.de\/wp-content\/uploads\/2012\/08\/11.jpg'><img decoding=\"async\" width=\"150\" height=\"100\" src=\"https:\/\/www.fuldaernachrichten.de\/wp-content\/uploads\/2012\/08\/11-265x176.jpg\" class=\"attachment-thumbnail size-thumbnail\" alt=\"\" srcset=\"https:\/\/www.fuldaernachrichten.de\/wp-content\/uploads\/2012\/08\/11-265x176.jpg 265w, https:\/\/www.fuldaernachrichten.de\/wp-content\/uploads\/2012\/08\/11.jpg 600w\" sizes=\"(max-width: 150px) 100vw, 150px\" \/><\/a>\n\t\t\t<\/dt><\/dl><br style=\"clear: both\" \/><dl class='gallery-item'>\n\t\t\t<dt class='gallery-icon landscape'>\n\t\t\t\t<a href='https:\/\/www.fuldaernachrichten.de\/wp-content\/uploads\/2012\/08\/10.jpg'><img loading=\"lazy\" decoding=\"async\" width=\"150\" height=\"100\" src=\"https:\/\/www.fuldaernachrichten.de\/wp-content\/uploads\/2012\/08\/10-265x176.jpg\" class=\"attachment-thumbnail size-thumbnail\" alt=\"\" srcset=\"https:\/\/www.fuldaernachrichten.de\/wp-content\/uploads\/2012\/08\/10-265x176.jpg 265w, https:\/\/www.fuldaernachrichten.de\/wp-content\/uploads\/2012\/08\/10.jpg 600w\" sizes=\"(max-width: 150px) 100vw, 150px\" \/><\/a>\n\t\t\t<\/dt><\/dl><dl class='gallery-item'>\n\t\t\t<dt class='gallery-icon landscape'>\n\t\t\t\t<a href='https:\/\/www.fuldaernachrichten.de\/wp-content\/uploads\/2012\/08\/9.jpg'><img loading=\"lazy\" decoding=\"async\" width=\"150\" height=\"100\" src=\"https:\/\/www.fuldaernachrichten.de\/wp-content\/uploads\/2012\/08\/9-265x176.jpg\" class=\"attachment-thumbnail size-thumbnail\" alt=\"\" srcset=\"https:\/\/www.fuldaernachrichten.de\/wp-content\/uploads\/2012\/08\/9-265x176.jpg 265w, https:\/\/www.fuldaernachrichten.de\/wp-content\/uploads\/2012\/08\/9.jpg 600w\" sizes=\"(max-width: 150px) 100vw, 150px\" \/><\/a>\n\t\t\t<\/dt><\/dl><br style=\"clear: both\" \/><dl class='gallery-item'>\n\t\t\t<dt class='gallery-icon landscape'>\n\t\t\t\t<a href='https:\/\/www.fuldaernachrichten.de\/wp-content\/uploads\/2012\/08\/8.jpg'><img loading=\"lazy\" decoding=\"async\" width=\"150\" height=\"100\" src=\"https:\/\/www.fuldaernachrichten.de\/wp-content\/uploads\/2012\/08\/8-265x176.jpg\" class=\"attachment-thumbnail size-thumbnail\" alt=\"\" srcset=\"https:\/\/www.fuldaernachrichten.de\/wp-content\/uploads\/2012\/08\/8-265x176.jpg 265w, https:\/\/www.fuldaernachrichten.de\/wp-content\/uploads\/2012\/08\/8.jpg 600w\" sizes=\"(max-width: 150px) 100vw, 150px\" \/><\/a>\n\t\t\t<\/dt><\/dl><dl class='gallery-item'>\n\t\t\t<dt class='gallery-icon landscape'>\n\t\t\t\t<a href='https:\/\/www.fuldaernachrichten.de\/wp-content\/uploads\/2012\/08\/7.jpg'><img loading=\"lazy\" decoding=\"async\" width=\"150\" height=\"100\" src=\"https:\/\/www.fuldaernachrichten.de\/wp-content\/uploads\/2012\/08\/7-265x176.jpg\" class=\"attachment-thumbnail size-thumbnail\" alt=\"\" srcset=\"https:\/\/www.fuldaernachrichten.de\/wp-content\/uploads\/2012\/08\/7-265x176.jpg 265w, https:\/\/www.fuldaernachrichten.de\/wp-content\/uploads\/2012\/08\/7.jpg 600w\" sizes=\"(max-width: 150px) 100vw, 150px\" \/><\/a>\n\t\t\t<\/dt><\/dl><br style=\"clear: both\" \/><dl class='gallery-item'>\n\t\t\t<dt class='gallery-icon landscape'>\n\t\t\t\t<a href='https:\/\/www.fuldaernachrichten.de\/wp-content\/uploads\/2012\/08\/6.jpg'><img loading=\"lazy\" decoding=\"async\" width=\"150\" height=\"100\" src=\"https:\/\/www.fuldaernachrichten.de\/wp-content\/uploads\/2012\/08\/6-265x176.jpg\" class=\"attachment-thumbnail size-thumbnail\" alt=\"\" srcset=\"https:\/\/www.fuldaernachrichten.de\/wp-content\/uploads\/2012\/08\/6-265x176.jpg 265w, https:\/\/www.fuldaernachrichten.de\/wp-content\/uploads\/2012\/08\/6.jpg 600w\" sizes=\"(max-width: 150px) 100vw, 150px\" \/><\/a>\n\t\t\t<\/dt><\/dl><dl class='gallery-item'>\n\t\t\t<dt class='gallery-icon landscape'>\n\t\t\t\t<a href='https:\/\/www.fuldaernachrichten.de\/wp-content\/uploads\/2012\/08\/5.jpg'><img loading=\"lazy\" decoding=\"async\" width=\"150\" height=\"100\" src=\"https:\/\/www.fuldaernachrichten.de\/wp-content\/uploads\/2012\/08\/5-265x176.jpg\" class=\"attachment-thumbnail size-thumbnail\" alt=\"\" srcset=\"https:\/\/www.fuldaernachrichten.de\/wp-content\/uploads\/2012\/08\/5-265x176.jpg 265w, https:\/\/www.fuldaernachrichten.de\/wp-content\/uploads\/2012\/08\/5.jpg 600w\" sizes=\"(max-width: 150px) 100vw, 150px\" \/><\/a>\n\t\t\t<\/dt><\/dl><br style=\"clear: both\" \/><dl class='gallery-item'>\n\t\t\t<dt class='gallery-icon landscape'>\n\t\t\t\t<a href='https:\/\/www.fuldaernachrichten.de\/wp-content\/uploads\/2012\/08\/4.jpg'><img loading=\"lazy\" decoding=\"async\" width=\"150\" height=\"100\" src=\"https:\/\/www.fuldaernachrichten.de\/wp-content\/uploads\/2012\/08\/4-265x176.jpg\" class=\"attachment-thumbnail size-thumbnail\" alt=\"\" srcset=\"https:\/\/www.fuldaernachrichten.de\/wp-content\/uploads\/2012\/08\/4-265x176.jpg 265w, https:\/\/www.fuldaernachrichten.de\/wp-content\/uploads\/2012\/08\/4.jpg 600w\" sizes=\"(max-width: 150px) 100vw, 150px\" \/><\/a>\n\t\t\t<\/dt><\/dl><dl class='gallery-item'>\n\t\t\t<dt class='gallery-icon landscape'>\n\t\t\t\t<a href='https:\/\/www.fuldaernachrichten.de\/wp-content\/uploads\/2012\/08\/3.jpg'><img loading=\"lazy\" decoding=\"async\" width=\"150\" height=\"100\" src=\"https:\/\/www.fuldaernachrichten.de\/wp-content\/uploads\/2012\/08\/3-265x176.jpg\" class=\"attachment-thumbnail size-thumbnail\" alt=\"\" srcset=\"https:\/\/www.fuldaernachrichten.de\/wp-content\/uploads\/2012\/08\/3-265x176.jpg 265w, https:\/\/www.fuldaernachrichten.de\/wp-content\/uploads\/2012\/08\/3.jpg 600w\" sizes=\"(max-width: 150px) 100vw, 150px\" \/><\/a>\n\t\t\t<\/dt><\/dl><br style=\"clear: both\" \/><dl class='gallery-item'>\n\t\t\t<dt class='gallery-icon landscape'>\n\t\t\t\t<a href='https:\/\/www.fuldaernachrichten.de\/wp-content\/uploads\/2012\/08\/2.jpg'><img loading=\"lazy\" decoding=\"async\" width=\"150\" height=\"100\" src=\"https:\/\/www.fuldaernachrichten.de\/wp-content\/uploads\/2012\/08\/2-265x176.jpg\" class=\"attachment-thumbnail size-thumbnail\" alt=\"\" srcset=\"https:\/\/www.fuldaernachrichten.de\/wp-content\/uploads\/2012\/08\/2-265x176.jpg 265w, https:\/\/www.fuldaernachrichten.de\/wp-content\/uploads\/2012\/08\/2.jpg 600w\" sizes=\"(max-width: 150px) 100vw, 150px\" \/><\/a>\n\t\t\t<\/dt><\/dl><dl class='gallery-item'>\n\t\t\t<dt class='gallery-icon landscape'>\n\t\t\t\t<a href='https:\/\/www.fuldaernachrichten.de\/wp-content\/uploads\/2012\/08\/13.jpg'><img loading=\"lazy\" decoding=\"async\" width=\"150\" height=\"100\" src=\"https:\/\/www.fuldaernachrichten.de\/wp-content\/uploads\/2012\/08\/13-265x176.jpg\" class=\"attachment-thumbnail size-thumbnail\" alt=\"\" srcset=\"https:\/\/www.fuldaernachrichten.de\/wp-content\/uploads\/2012\/08\/13-265x176.jpg 265w, https:\/\/www.fuldaernachrichten.de\/wp-content\/uploads\/2012\/08\/13.jpg 600w\" sizes=\"(max-width: 150px) 100vw, 150px\" \/><\/a>\n\t\t\t<\/dt><\/dl><br style=\"clear: both\" \/>\n\t\t<\/div>\n\n","protected":false},"excerpt":{"rendered":"<div class=\"tmnf_excerpt\"><p>Eichenzell-L\u00fctter. Der Eichenzeller Mineralbrunnen F\u00f6rstina Sprudel \u00f6ffnet wie jedes Jahr Ende August seine T\u00fcren zum Brunnenfest \u2013 und das lockte auch am gestrigen Sonntag wieder tausende Besucher an den Firmenstammsitz nach L\u00fctter. Ob die Sonne strahlt, ob es regnet, st\u00fcrmt oder schneit \u2013 in der riesigen Logistikhalle, die das Team des Mineralbrunnens F\u00f6rstina einmal im &hellip;<\/p>\n<\/div>","protected":false},"author":1,"featured_media":0,"comment_status":"closed","ping_status":"closed","sticky":false,"template":"","format":"standard","meta":{"footnotes":""},"categories":[1,29,78],"tags":[],"class_list":["post-101335","post","type-post","status-publish","format-standard","hentry","category-startseite","category-politik","category-topthema"],"_links":{"self":[{"href":"https:\/\/www.fuldaernachrichten.de\/index.php?rest_route=\/wp\/v2\/posts\/101335","targetHints":{"allow":["GET"]}}],"collection":[{"href":"https:\/\/www.fuldaernachrichten.de\/index.php?rest_route=\/wp\/v2\/posts"}],"about":[{"href":"https:\/\/www.fuldaernachrichten.de\/index.php?rest_route=\/wp\/v2\/types\/post"}],"author":[{"embeddable":true,"href":"https:\/\/www.fuldaernachrichten.de\/index.php?rest_route=\/wp\/v2\/users\/1"}],"replies":[{"embeddable":true,"href":"https:\/\/www.fuldaernachrichten.de\/index.php?rest_route=%2Fwp%2Fv2%2Fcomments&post=101335"}],"version-history":[{"count":0,"href":"https:\/\/www.fuldaernachrichten.de\/index.php?rest_route=\/wp\/v2\/posts\/101335\/revisions"}],"wp:attachment":[{"href":"https:\/\/www.fuldaernachrichten.de\/index.php?rest_route=%2Fwp%2Fv2%2Fmedia&parent=101335"}],"wp:term":[{"taxonomy":"category","embeddable":true,"href":"https:\/\/www.fuldaernachrichten.de\/index.php?rest_route=%2Fwp%2Fv2%2Fcategories&post=101335"},{"taxonomy":"post_tag","embeddable":true,"href":"https:\/\/www.fuldaernachrichten.de\/index.php?rest_route=%2Fwp%2Fv2%2Ftags&post=101335"}],"curies":[{"name":"wp","href":"https:\/\/api.w.org\/{rel}","templated":true}]}}