{"id":101334,"date":"2012-08-27T00:12:30","date_gmt":"2012-08-27T00:12:30","guid":{"rendered":"http:\/\/www.fuldaer-nachrichten.de\/?p=101334"},"modified":"2012-08-26T12:10:17","modified_gmt":"2012-08-26T12:10:17","slug":"arbeitsgruppe-gesundheit-und-pflege-trifft-sich-in-lauterbach","status":"publish","type":"post","link":"https:\/\/www.fuldaernachrichten.de\/?p=101334","title":{"rendered":"Arbeitsgruppe \u201eGesundheit und Pflege\u201c trifft sich in Lauterbach"},"content":{"rendered":"<p>Lauterbach. Am Donnerstag, 30. August, treffen sich die Mitglieder aus dem Handlungsfeld \u201eGesundheit und Pflege\u201c zum neunzehnten Mal, und zwar um 16.30 Uhr im Sitzungssaal des Landratsamtes in Lauterbach. Die Sprecher der Gruppe, Heike Bohl und Hans-Dieter Herget, hoffen auf regen Zuspruch. In der Sitzung wird berichtet \u00fcber die bisherige Arbeit, \u00fcber die Planungen f\u00fcr zwei weitere \u201eSamstage gegen das Vergessen\u201c in Schotten und M\u00fccke, und es wird ein Konzept vorgestellt zur Verbesserung der ambulanten \u00e4rztlichen Versorgung von Menschen in vollstation\u00e4ren Pflegeeinrichtungen. Des Weiteren wird das Kurzportr\u00e4t des Handlungsfeldes f\u00fcr die neue Homepage (<a href=\"http:\/\/www.vogelsberg-familienfreundlich.de\" target=\"_blank\">www.vogelsberg-familienfreundlich.de<\/a>) pr\u00e4sentiert.\u00c2\u00a0 Informationen \u00fcber die Koordinierungsstelle des Familienb\u00fcndnisses in der Kreisverwaltung: Telefon 06641 \/ 977-3404, sandra.obenhack@vogelsbergkreis.de<\/p>\n","protected":false},"excerpt":{"rendered":"<div class=\"tmnf_excerpt\"><p>Lauterbach. Am Donnerstag, 30. August, treffen sich die Mitglieder aus dem Handlungsfeld \u201eGesundheit und Pflege\u201c zum neunzehnten Mal, und zwar um 16.30 Uhr im Sitzungssaal des Landratsamtes in Lauterbach. Die Sprecher der Gruppe, Heike Bohl und Hans-Dieter Herget, hoffen auf regen Zuspruch. In der Sitzung wird berichtet \u00fcber die bisherige Arbeit, \u00fcber die Planungen f\u00fcr &hellip;<\/p>\n<\/div>","protected":false},"author":1,"featured_media":0,"comment_status":"closed","ping_status":"closed","sticky":false,"template":"","format":"standard","meta":{"footnotes":""},"categories":[1,51],"tags":[],"class_list":["post-101334","post","type-post","status-publish","format-standard","hentry","category-startseite","category-medizin"],"_links":{"self":[{"href":"https:\/\/www.fuldaernachrichten.de\/index.php?rest_route=\/wp\/v2\/posts\/101334","targetHints":{"allow":["GET"]}}],"collection":[{"href":"https:\/\/www.fuldaernachrichten.de\/index.php?rest_route=\/wp\/v2\/posts"}],"about":[{"href":"https:\/\/www.fuldaernachrichten.de\/index.php?rest_route=\/wp\/v2\/types\/post"}],"author":[{"embeddable":true,"href":"https:\/\/www.fuldaernachrichten.de\/index.php?rest_route=\/wp\/v2\/users\/1"}],"replies":[{"embeddable":true,"href":"https:\/\/www.fuldaernachrichten.de\/index.php?rest_route=%2Fwp%2Fv2%2Fcomments&post=101334"}],"version-history":[{"count":0,"href":"https:\/\/www.fuldaernachrichten.de\/index.php?rest_route=\/wp\/v2\/posts\/101334\/revisions"}],"wp:attachment":[{"href":"https:\/\/www.fuldaernachrichten.de\/index.php?rest_route=%2Fwp%2Fv2%2Fmedia&parent=101334"}],"wp:term":[{"taxonomy":"category","embeddable":true,"href":"https:\/\/www.fuldaernachrichten.de\/index.php?rest_route=%2Fwp%2Fv2%2Fcategories&post=101334"},{"taxonomy":"post_tag","embeddable":true,"href":"https:\/\/www.fuldaernachrichten.de\/index.php?rest_route=%2Fwp%2Fv2%2Ftags&post=101334"}],"curies":[{"name":"wp","href":"https:\/\/api.w.org\/{rel}","templated":true}]}}