{"id":101330,"date":"2012-08-27T00:12:27","date_gmt":"2012-08-27T00:12:27","guid":{"rendered":"http:\/\/www.fuldaer-nachrichten.de\/?p=101330"},"modified":"2012-08-26T12:07:56","modified_gmt":"2012-08-26T12:07:56","slug":"ausstellung-sternenpark-und-lichtverschmutzung","status":"publish","type":"post","link":"https:\/\/www.fuldaernachrichten.de\/?p=101330","title":{"rendered":"Ausstellung \u201eSternenpark und Lichtverschmutzung\u201c"},"content":{"rendered":"<p><a href=\"http:\/\/www.fuldaer-nachrichten.de\/wp-content\/uploads\/2012\/08\/115-Ausstellung-Sternenpark.jpg\"><img decoding=\"async\" class=\"alignleft size-thumbnail wp-image-101331\" title=\"115 Ausstellung Sternenpark\" src=\"http:\/\/www.fuldaer-nachrichten.de\/wp-content\/uploads\/2012\/08\/115-Ausstellung-Sternenpark-265x176.jpg\" alt=\"\" width=\"265\" height=\"176\" srcset=\"https:\/\/www.fuldaernachrichten.de\/wp-content\/uploads\/2012\/08\/115-Ausstellung-Sternenpark-265x176.jpg 265w, https:\/\/www.fuldaernachrichten.de\/wp-content\/uploads\/2012\/08\/115-Ausstellung-Sternenpark.jpg 600w\" sizes=\"(max-width: 265px) 100vw, 265px\" \/><\/a>Wasserkuppe. Das Biosph\u00e4renreservat Rh\u00f6n zeigt vom 01.09.2012 bis 30.10.2012 im UNESCO-Informationszentrum auf der Wasserkuppe die Ausstellung \u201eSternenpark und Lichtverschmutzung\u201c, in Kooperation mit Dr. H\u00e4nel, Astronom und Leiter des Planetariums am Sch\u00f6lerberg in Osnabr\u00fcck, sowie der Sozial- und Kulturwissenschaftlerin und Hobby-Astronomin Sabine Frank.<!--more--><\/p>\n<p><strong><\/strong>Die Ausstellung zeigt ca. 16 Roll-Up\u00c2\u00b4s zum Thema Lichtverschmutzung sowie zahlreiche Exponate rund um die Astronomie und den Sternenhimmel. Ein Highlight dieser Ausstellung ist das Exponat \u201eNightwatch\u201c: \u00dcber drei h\u00f6henverstellbare Schauk\u00e4sten sieht der Besucher auf 3 Computerbildschirmen im Inneren Filme, Bilder und leichtverst\u00e4ndliche Texte zum Thema \u201eVerlust der Nacht\u201c. Interessierte Besucher k\u00f6nnen sich in der Ausstellung zu den Themen Lichtverschmutzung und k\u00fcnstliches Licht sowie dem Einfluss von k\u00fcnstlichem Licht auf die Gesundheit der Menschen und der \u00d6kologie informieren. Zu Anschauungszwecken wurden von der SynEnergie \u2013 einem Tochterunternehmen der der \u00dcWAG Fulda &#8211; umweltvertr\u00e4gliche Leuchten zur Verf\u00fcgung gestellt.<\/p>\n<p>Zudem wird es im Rahmen der Ausstellung Informationen zum Projekt \u201eSternenpark im Biosph\u00e4renreservat Rh\u00f6n\u201c geben. Die Ausstellungser\u00f6ffnung findet am 05.09.2012 ab 18.00 Uhr im Groenhoff-Haus auf der Wasserkuppe statt. Prof. Dr. Eisenbeis vom Institut f\u00fcr Zoologie der Johannes Guttenberg Universit\u00e4t Mainz referiert an diesem Abend zum Thema \u201eK\u00fcnstliches Licht in der Umwelt \u2013 Gefahr f\u00fcr die nachtaktive Tierwelt\u201c. Der Schwerpunkt <strong>seines <\/strong>Vortrags liegt auf der nachtaktiven Insektenfauna, da Insekten eine wichtige Rolle in der Natur spielen. Diese sind vor allem f\u00fcr andere bedeutende Tiergruppen wie V\u00f6gel, Flederm\u00e4use, Insektenfresser etc. sehr wichtig. Prof. Dr. Eisenbeis wird die Ergebnisse mehrerer Insekten-Lichtfangstudien vorstellen, aus denen sich Hinweise auf die Notwendigkeit ergeben, Beleuchtung m\u00f6glichst umweltvertr\u00e4glich f\u00fcr Mensch und Tier zu gestalten.<\/p>\n<p>In seinem ca. 1-st\u00fcndigen Vortrag sind kleine Kurzfilme zum Schicksal von Insekten an Lichtquellen eingebettet. Die kostenfreie Ausstellung ist t\u00e4glich an Wochentagen von 10.00 Uhr bis 16.00 Uhr sowie an den Wochenenden zu den \u00d6ffnungszeiten des Regionalladens ge\u00f6ffnet.<\/p>\n<p>&nbsp;<\/p>\n","protected":false},"excerpt":{"rendered":"<div class=\"tmnf_excerpt\"><p>Wasserkuppe. Das Biosph\u00e4renreservat Rh\u00f6n zeigt vom 01.09.2012 bis 30.10.2012 im UNESCO-Informationszentrum auf der Wasserkuppe die Ausstellung \u201eSternenpark und Lichtverschmutzung\u201c, in Kooperation mit Dr. H\u00e4nel, Astronom und Leiter des Planetariums am Sch\u00f6lerberg in Osnabr\u00fcck, sowie der Sozial- und Kulturwissenschaftlerin und Hobby-Astronomin Sabine Frank.<\/p>\n<\/div>","protected":false},"author":1,"featured_media":0,"comment_status":"closed","ping_status":"closed","sticky":false,"template":"","format":"standard","meta":{"footnotes":""},"categories":[1,52],"tags":[],"class_list":["post-101330","post","type-post","status-publish","format-standard","hentry","category-startseite","category-umwelt"],"_links":{"self":[{"href":"https:\/\/www.fuldaernachrichten.de\/index.php?rest_route=\/wp\/v2\/posts\/101330","targetHints":{"allow":["GET"]}}],"collection":[{"href":"https:\/\/www.fuldaernachrichten.de\/index.php?rest_route=\/wp\/v2\/posts"}],"about":[{"href":"https:\/\/www.fuldaernachrichten.de\/index.php?rest_route=\/wp\/v2\/types\/post"}],"author":[{"embeddable":true,"href":"https:\/\/www.fuldaernachrichten.de\/index.php?rest_route=\/wp\/v2\/users\/1"}],"replies":[{"embeddable":true,"href":"https:\/\/www.fuldaernachrichten.de\/index.php?rest_route=%2Fwp%2Fv2%2Fcomments&post=101330"}],"version-history":[{"count":0,"href":"https:\/\/www.fuldaernachrichten.de\/index.php?rest_route=\/wp\/v2\/posts\/101330\/revisions"}],"wp:attachment":[{"href":"https:\/\/www.fuldaernachrichten.de\/index.php?rest_route=%2Fwp%2Fv2%2Fmedia&parent=101330"}],"wp:term":[{"taxonomy":"category","embeddable":true,"href":"https:\/\/www.fuldaernachrichten.de\/index.php?rest_route=%2Fwp%2Fv2%2Fcategories&post=101330"},{"taxonomy":"post_tag","embeddable":true,"href":"https:\/\/www.fuldaernachrichten.de\/index.php?rest_route=%2Fwp%2Fv2%2Ftags&post=101330"}],"curies":[{"name":"wp","href":"https:\/\/api.w.org\/{rel}","templated":true}]}}