{"id":101327,"date":"2012-08-27T00:12:55","date_gmt":"2012-08-27T00:12:55","guid":{"rendered":"http:\/\/www.fuldaer-nachrichten.de\/?p=101327"},"modified":"2012-08-26T12:05:07","modified_gmt":"2012-08-26T12:05:07","slug":"erfolgreich-und-kompetent-in-einem-beruf-mit-zukunft-16-examinierte-pflegekrafte-des-klinikums-fulda","status":"publish","type":"post","link":"https:\/\/www.fuldaernachrichten.de\/?p=101327","title":{"rendered":"Erfolgreich und kompetent in einem Beruf mit Zukunft &#8211; 16 examinierte Pflegekr\u00e4fte des Klinikums Fulda"},"content":{"rendered":"<p><a href=\"http:\/\/www.fuldaer-nachrichten.de\/wp-content\/uploads\/2012\/08\/Fr.-Schneider_Examen-Krankenpflegekurs_August-2012_IMG_8867.jpg\"><img decoding=\"async\" class=\"alignleft size-thumbnail wp-image-101328\" title=\"Fr. Schneider_Examen Krankenpflegekurs_August 2012_IMG_8867\" src=\"http:\/\/www.fuldaer-nachrichten.de\/wp-content\/uploads\/2012\/08\/Fr.-Schneider_Examen-Krankenpflegekurs_August-2012_IMG_8867-265x176.jpg\" alt=\"\" width=\"265\" height=\"176\" srcset=\"https:\/\/www.fuldaernachrichten.de\/wp-content\/uploads\/2012\/08\/Fr.-Schneider_Examen-Krankenpflegekurs_August-2012_IMG_8867-265x176.jpg 265w, https:\/\/www.fuldaernachrichten.de\/wp-content\/uploads\/2012\/08\/Fr.-Schneider_Examen-Krankenpflegekurs_August-2012_IMG_8867.jpg 600w\" sizes=\"(max-width: 265px) 100vw, 265px\" \/><\/a>Fulda. Insgesamt 16 examinierte Pflegekr\u00e4fte freuen sich \u00fcber ihr bestandenes Examen. Die Sch\u00fclerinnen und Sch\u00fcler der Krankenpflegeschule am Schulzentrum des Klinikums Fulda haben ihre Ausbildung zum\/zur Gesundheits- und Krankenpfleger\/-in bzw. Kinderkrankenpflege\/-in erfolgreich abgeschlossen. Sie erhielten in den vergangenen drei Jahren im Schulzentrum des Klinikums eine Ausbildung die sie bef\u00e4higt, die Pflegebed\u00fcrftigkeit und den Versorgungsbedarf der ihnen anvertrauten Patienten einzusch\u00e4tzen. Nun sind sie in der Lage, in enger Zusammenarbeit mit den \u00c4rzten, den Patienten und den Angeh\u00f6rigen sinnvolle pflegerische Konzepte zu planen und diese im Stationsalltag umzusetzen. Die anspruchsvolle Ausbildung verlangt schon von den Auszubildenden neben Leistungs- und Lernbereitschaft, viel Engagement und ein hohes Ma\u00df an pers\u00f6nlicher Kompetenz.<!--more--><\/p>\n<p>Im Rahmen einer kleinen Feierstunde gratulierten im Schulzentrum des Klinikums Fulda Priv. Doz. Dr. Thomas Menzel, \u00c2\u00a0Vorstand Krankenversorgung, Pflegedirektor Matthias Mengel, Prof. Dr. Reinald Repp, Direktor der Klinik f\u00fcr Kinder- und Jugendmedizin, die Schulleiterin Marga Schneider und Betriebsratsvorsitzender Rolf M\u00fcller den Absolventen zu ihrem guten Abschluss. Mit den Examinierten freuten sich auch die Klassenleiterinnen Betty Felber (Gesundheits- und Kinderkrankenpflege),\u00c2\u00a0 Claudia Schneider (Gesundheits- und Krankenpflege), das Lehrerteam der Kranken- und Kinderkrankenpflegeschule, die Sch\u00fcler des Kurses 9\/11, die das Rahmenprogramm gestalteten sowie deren Eltern und Angeh\u00f6rigen.<\/p>\n<p><strong>Absolventen der Gesundheits- und Kinderkrankenpflege geh\u00f6ren:<\/strong><\/p>\n<p>Jennifer Auth, Nadine Brich, Ireen Dittmann, Theresa Fey, Agnes Friesen, Sophia Hergert, Marianne Karsten, Anna-Lena Kaufmann, Manuela Kinscher, Saskia Kre\u00df, Katharina Krippner, Elena Leckinger, Marie-Elfriede Lembach und Carolin Wilhelm.<\/p>\n<p><strong>Absolventen der Gesundheits- und Krankenpflege:<\/strong><\/p>\n<p>Bj\u00f6rn Mindt und Mario Stey.<\/p>\n<p>Fotonachweis: Klinikum Fulda<\/p>\n","protected":false},"excerpt":{"rendered":"<div class=\"tmnf_excerpt\"><p>Fulda. Insgesamt 16 examinierte Pflegekr\u00e4fte freuen sich \u00fcber ihr bestandenes Examen. Die Sch\u00fclerinnen und Sch\u00fcler der Krankenpflegeschule am Schulzentrum des Klinikums Fulda haben ihre Ausbildung zum\/zur Gesundheits- und Krankenpfleger\/-in bzw. Kinderkrankenpflege\/-in erfolgreich abgeschlossen. Sie erhielten in den vergangenen drei Jahren im Schulzentrum des Klinikums eine Ausbildung die sie bef\u00e4higt, die Pflegebed\u00fcrftigkeit und den Versorgungsbedarf der &hellip;<\/p>\n<\/div>","protected":false},"author":1,"featured_media":0,"comment_status":"closed","ping_status":"closed","sticky":false,"template":"","format":"standard","meta":{"footnotes":""},"categories":[1,51],"tags":[],"class_list":["post-101327","post","type-post","status-publish","format-standard","hentry","category-startseite","category-medizin"],"_links":{"self":[{"href":"https:\/\/www.fuldaernachrichten.de\/index.php?rest_route=\/wp\/v2\/posts\/101327","targetHints":{"allow":["GET"]}}],"collection":[{"href":"https:\/\/www.fuldaernachrichten.de\/index.php?rest_route=\/wp\/v2\/posts"}],"about":[{"href":"https:\/\/www.fuldaernachrichten.de\/index.php?rest_route=\/wp\/v2\/types\/post"}],"author":[{"embeddable":true,"href":"https:\/\/www.fuldaernachrichten.de\/index.php?rest_route=\/wp\/v2\/users\/1"}],"replies":[{"embeddable":true,"href":"https:\/\/www.fuldaernachrichten.de\/index.php?rest_route=%2Fwp%2Fv2%2Fcomments&post=101327"}],"version-history":[{"count":0,"href":"https:\/\/www.fuldaernachrichten.de\/index.php?rest_route=\/wp\/v2\/posts\/101327\/revisions"}],"wp:attachment":[{"href":"https:\/\/www.fuldaernachrichten.de\/index.php?rest_route=%2Fwp%2Fv2%2Fmedia&parent=101327"}],"wp:term":[{"taxonomy":"category","embeddable":true,"href":"https:\/\/www.fuldaernachrichten.de\/index.php?rest_route=%2Fwp%2Fv2%2Fcategories&post=101327"},{"taxonomy":"post_tag","embeddable":true,"href":"https:\/\/www.fuldaernachrichten.de\/index.php?rest_route=%2Fwp%2Fv2%2Ftags&post=101327"}],"curies":[{"name":"wp","href":"https:\/\/api.w.org\/{rel}","templated":true}]}}