{"id":101280,"date":"2012-08-26T00:10:14","date_gmt":"2012-08-26T00:10:14","guid":{"rendered":"http:\/\/www.fuldaer-nachrichten.de\/?p=101280"},"modified":"2012-08-26T06:32:53","modified_gmt":"2012-08-26T06:32:53","slug":"hier-bewegt-sich-was-bewegungsgruppe-fur-mutter-mit-kindern-von-2-3-jahren","status":"publish","type":"post","link":"https:\/\/www.fuldaernachrichten.de\/?p=101280","title":{"rendered":"\u201eHier bewegt sich was!\u201c Bewegungsgruppe f\u00fcr M\u00fctter mit Kindern von 2 \u2013 3 Jahren"},"content":{"rendered":"<p>Fulda. Getreu dem Motto: \u201eHier bewegt sich was!\u201c findet in Kooperation mit dem M\u00fctterzentrum Fulda e.V. und der Kindertagesst\u00e4tte Fuldaaue der Stadt Fulda ab dem 04. September 2012 in den R\u00e4umen der Kindertagesst\u00e4tte Fuldaaue, Am alten Schlachthof 8, eine Motorik-Gruppe f\u00fcr Kinder von 2 \u2013 3 Jahren statt. <!--more--><br \/>\nDie Gruppe trifft sich jeweils Dienstag in der Zeit von 09.00 \u2013 10.00 Uhr und wird geleitet von Kerstin Lenz, Mitarbeiterin des M\u00fctterzentrums. Neben regelm\u00e4\u00dfigen F\u00f6rdereinheiten f\u00fcr die Kinder gibt es f\u00fcr die M\u00fctter ausreichend Raum zum gegenseitigen Austausch. Durch den stetigen Aufbau der Trainingseinheiten k\u00f6nnen diese \u00dcbungen zu Hause im Alltag angewendet werden und somit die motorische F\u00f6rderung ihrer Kinder nachhaltig sichern. Die vielf\u00e4ltige Ausstattung des Bewegungsraumes der Kindertagesst\u00e4tte bietet von sich aus umfangreiche M\u00f6glichkeiten und Motivation zur Bewegung. Dar\u00fcber hinaus k\u00f6nnen Kinder und Eltern die Kindertagesst\u00e4tte n\u00e4her kennenlernen.<\/p>\n<p>Die Geb\u00fchr betr\u00e4gt f\u00fcr 10 Treffen 36,00 \u00e2\u201a\u00ac oder 30,00 \u00e2\u201a\u00ac (f\u00fcr Vereinsmitglieder des M\u00fctterzentrums). Anmeldungen werden bis zum 28. August 2012 im M\u00fctterzentrum Fulda e.V., Gallasiniring 8, Fulda,\u00c2\u00a0 Telefon: 0661 8050 erbeten.<\/p>\n","protected":false},"excerpt":{"rendered":"<div class=\"tmnf_excerpt\"><p>Fulda. Getreu dem Motto: \u201eHier bewegt sich was!\u201c findet in Kooperation mit dem M\u00fctterzentrum Fulda e.V. und der Kindertagesst\u00e4tte Fuldaaue der Stadt Fulda ab dem 04. September 2012 in den R\u00e4umen der Kindertagesst\u00e4tte Fuldaaue, Am alten Schlachthof 8, eine Motorik-Gruppe f\u00fcr Kinder von 2 \u2013 3 Jahren statt.<\/p>\n<\/div>","protected":false},"author":1,"featured_media":0,"comment_status":"closed","ping_status":"closed","sticky":false,"template":"","format":"standard","meta":{"footnotes":""},"categories":[1,72,46],"tags":[],"class_list":["post-101280","post","type-post","status-publish","format-standard","hentry","category-startseite","category-jugend","category-sport"],"_links":{"self":[{"href":"https:\/\/www.fuldaernachrichten.de\/index.php?rest_route=\/wp\/v2\/posts\/101280","targetHints":{"allow":["GET"]}}],"collection":[{"href":"https:\/\/www.fuldaernachrichten.de\/index.php?rest_route=\/wp\/v2\/posts"}],"about":[{"href":"https:\/\/www.fuldaernachrichten.de\/index.php?rest_route=\/wp\/v2\/types\/post"}],"author":[{"embeddable":true,"href":"https:\/\/www.fuldaernachrichten.de\/index.php?rest_route=\/wp\/v2\/users\/1"}],"replies":[{"embeddable":true,"href":"https:\/\/www.fuldaernachrichten.de\/index.php?rest_route=%2Fwp%2Fv2%2Fcomments&post=101280"}],"version-history":[{"count":0,"href":"https:\/\/www.fuldaernachrichten.de\/index.php?rest_route=\/wp\/v2\/posts\/101280\/revisions"}],"wp:attachment":[{"href":"https:\/\/www.fuldaernachrichten.de\/index.php?rest_route=%2Fwp%2Fv2%2Fmedia&parent=101280"}],"wp:term":[{"taxonomy":"category","embeddable":true,"href":"https:\/\/www.fuldaernachrichten.de\/index.php?rest_route=%2Fwp%2Fv2%2Fcategories&post=101280"},{"taxonomy":"post_tag","embeddable":true,"href":"https:\/\/www.fuldaernachrichten.de\/index.php?rest_route=%2Fwp%2Fv2%2Ftags&post=101280"}],"curies":[{"name":"wp","href":"https:\/\/api.w.org\/{rel}","templated":true}]}}