{"id":101279,"date":"2012-08-26T00:10:12","date_gmt":"2012-08-26T00:10:12","guid":{"rendered":"http:\/\/www.fuldaer-nachrichten.de\/?p=101279"},"modified":"2012-08-26T06:31:56","modified_gmt":"2012-08-26T06:31:56","slug":"die-musikschule-der-stadt-fulda-startet-am-1-september-ins-neue-halbjahr","status":"publish","type":"post","link":"https:\/\/www.fuldaernachrichten.de\/?p=101279","title":{"rendered":"Die Musikschule der Stadt Fulda startet am 1. September ins neue Halbjahr"},"content":{"rendered":"<p>Fulda (cp). Die Sommerferien sind vorbei und die ersten Schultage gl\u00fccklich \u00fcberstanden. Die Familien gew\u00f6hnen sich allm\u00e4hlich an den neuen Rhythmus und so tauchen nun auch Gedanken an erg\u00e4nzende Bildungsangebote auf. Ganz oben steht f\u00fcr viele Eltern der Wunsch, ihren Kindern eine musikalische Ausbildung zu erm\u00f6glichen, weshalb an der St\u00e4dtischen Musikschule t\u00e4glich neue Anmeldungen eintreffen. Wer sicher gehen m\u00f6chte, dass er noch einen Platz in seinem Wunschfach ergattern kann, sollte sich also so bald wie m\u00f6glich im Sekretariat melden.<!--more--><br \/>\n<strong>Instrumente und Eltern\/Kind-Gruppen<\/strong><br \/>\nNach wie vor beliebt sind neben den Dauerbrennern Klavier und Gitarre die Holzblasinstrumente Querfl\u00f6te, Klarinette und Saxofon. Im Blech erfreuen sich Trompete, Posaune, Horn und Tuba immer noch gro\u00dfer Beliebtheit. Die Schule bietet aber auch Streichinstrumente von der Violine \u00fcber das Cello bis hin zum Kontrabass an. Den gibt es \u00fcbrigens auch schon in kindgerechten kleinen Gr\u00f6\u00dfen. F\u00fcr die J\u00fcngsten sind die Eltern\/Kind-Gruppen (ab 6, ab 24 und ab 36 Monaten) eine wunderbare musikalische Spielwiese, an welche die Musikalische Fr\u00fcherziehung nahtlos ankn\u00fcpft. Darauf baut sich dann das in Fulda umfassendste Unterrichtskonzept der St\u00e4dtischen Musikschule mit all seinen Erg\u00e4nzungs- und Theorief\u00e4chern auf. Ganz neu dabei: Der Rock\/Pop\/Jazz-Zweig.<\/p>\n<p><strong>Informationen<\/strong><br \/>\nF\u00fcr weitere Informationen stehen die Mitarbeiter der Musikschule gerne unter Tel. 0661\/102-1412 oder per E-Mail unter musikschule@fulda.de zur Verf\u00fcgung.<\/p>\n","protected":false},"excerpt":{"rendered":"<div class=\"tmnf_excerpt\"><p>Fulda (cp). Die Sommerferien sind vorbei und die ersten Schultage gl\u00fccklich \u00fcberstanden. Die Familien gew\u00f6hnen sich allm\u00e4hlich an den neuen Rhythmus und so tauchen nun auch Gedanken an erg\u00e4nzende Bildungsangebote auf. Ganz oben steht f\u00fcr viele Eltern der Wunsch, ihren Kindern eine musikalische Ausbildung zu erm\u00f6glichen, weshalb an der St\u00e4dtischen Musikschule t\u00e4glich neue Anmeldungen eintreffen. &hellip;<\/p>\n<\/div>","protected":false},"author":1,"featured_media":0,"comment_status":"closed","ping_status":"closed","sticky":false,"template":"","format":"standard","meta":{"footnotes":""},"categories":[1,44],"tags":[],"class_list":["post-101279","post","type-post","status-publish","format-standard","hentry","category-startseite","category-kultur"],"_links":{"self":[{"href":"https:\/\/www.fuldaernachrichten.de\/index.php?rest_route=\/wp\/v2\/posts\/101279","targetHints":{"allow":["GET"]}}],"collection":[{"href":"https:\/\/www.fuldaernachrichten.de\/index.php?rest_route=\/wp\/v2\/posts"}],"about":[{"href":"https:\/\/www.fuldaernachrichten.de\/index.php?rest_route=\/wp\/v2\/types\/post"}],"author":[{"embeddable":true,"href":"https:\/\/www.fuldaernachrichten.de\/index.php?rest_route=\/wp\/v2\/users\/1"}],"replies":[{"embeddable":true,"href":"https:\/\/www.fuldaernachrichten.de\/index.php?rest_route=%2Fwp%2Fv2%2Fcomments&post=101279"}],"version-history":[{"count":0,"href":"https:\/\/www.fuldaernachrichten.de\/index.php?rest_route=\/wp\/v2\/posts\/101279\/revisions"}],"wp:attachment":[{"href":"https:\/\/www.fuldaernachrichten.de\/index.php?rest_route=%2Fwp%2Fv2%2Fmedia&parent=101279"}],"wp:term":[{"taxonomy":"category","embeddable":true,"href":"https:\/\/www.fuldaernachrichten.de\/index.php?rest_route=%2Fwp%2Fv2%2Fcategories&post=101279"},{"taxonomy":"post_tag","embeddable":true,"href":"https:\/\/www.fuldaernachrichten.de\/index.php?rest_route=%2Fwp%2Fv2%2Ftags&post=101279"}],"curies":[{"name":"wp","href":"https:\/\/api.w.org\/{rel}","templated":true}]}}