{"id":101277,"date":"2012-08-26T00:11:22","date_gmt":"2012-08-26T00:11:22","guid":{"rendered":"http:\/\/www.fuldaer-nachrichten.de\/?p=101277"},"modified":"2012-08-26T06:31:03","modified_gmt":"2012-08-26T06:31:03","slug":"unternehmen-buchel-beschaftigt-in-diesem-jahr-vier-auszubildende-am-standort-fulda","status":"publish","type":"post","link":"https:\/\/www.fuldaernachrichten.de\/?p=101277","title":{"rendered":"Unternehmen B\u00fcchel besch\u00e4ftigt in diesem Jahr vier Auszubildende am Standort Fulda"},"content":{"rendered":"<p><strong><a href=\"http:\/\/www.fuldaer-nachrichten.de\/wp-content\/uploads\/2012\/08\/Bu\u00cc\u02c6chel.jpg\"><img decoding=\"async\" class=\"alignleft size-thumbnail wp-image-101278\" title=\"Bu\u00cc\u02c6chel\" src=\"http:\/\/www.fuldaer-nachrichten.de\/wp-content\/uploads\/2012\/08\/Bu\u00cc\u02c6chel-265x181.jpg\" alt=\"\" width=\"265\" height=\"181\" \/><\/a>Fulda.<\/strong> Von der Schulbank hinein ins Berufsleben \u2013\u00c2\u00a0 Friedericke Fey (20) und David Varga (20) erwarten mit dem Start ihrer industriekaufm\u00e4nnischen Ausbildung spannende Praxis und viele neue Erfahrungen. Neben den beiden Lehrlingen Florentina Roth (20) und Isabelle Trabert (22) d\u00fcrfen sich nun auch die zwei Neulinge als stolzer Teil des Teams betrachten. Bereits nach kurzer Zeit waren sie\u00c2\u00a0 begeistert von dem Unternehmen: \u201eWir finden hier ein tolles Betriebsklima vor und wir\u00c2\u00a0lernen viel\u201c, freut sich Friederike Fey. Besonders die individuelle Betreuung sowie die Unterst\u00fctzung, die jedem einzelnen Auszubildenden entgegengebracht wird, sprechen f\u00fcr B\u00fcchel. Ergebnis dieser Unterst\u00fctzung: Bereits mehrere Auszeichnungen f\u00fcr Auszubildende, die ihre Abschlusspr\u00fcfung als Jahrgangsbeste abgeschlossen haben.<!--more--><\/p>\n<p>Im Unternehmen wird bereits seit 60 Jahren ausgebildet. In diesem Jahr besch\u00e4ftigt B\u00fcchel an insgesamt f\u00fcnf Standorten zw\u00f6lf Auszubildende. \u201eWir waren mit unseren Azubis stets sehr zufrieden. In dieser Hinsicht haben wir immer gro\u00dfes Gl\u00fcck\u201c, betont Ausbildungsleiter Franz Wurst. Nach erfolgreichem Bestehen der Abschlusspr\u00fcfung haben die jungen Industriekaufleute au\u00dferdem sehr gute Chancen, in das Unternehmen \u00fcbernommen zu werden.<\/p>\n<p>Zum Foto: Mit Vollgas in die Zukunft: Gesch\u00e4ftsf\u00fchrer Erhard B\u00fcchel (links) mit den Azubis Friedericke Fey, David Varga (oben von links), Isabelle Trabert und Florentina Roth (unten von links) sowie Ausbildungsleiter Franz Wurst.<\/p>\n","protected":false},"excerpt":{"rendered":"<div class=\"tmnf_excerpt\"><p>Fulda. Von der Schulbank hinein ins Berufsleben \u2013\u00c2\u00a0 Friedericke Fey (20) und David Varga (20) erwarten mit dem Start ihrer industriekaufm\u00e4nnischen Ausbildung spannende Praxis und viele neue Erfahrungen. Neben den beiden Lehrlingen Florentina Roth (20) und Isabelle Trabert (22) d\u00fcrfen sich nun auch die zwei Neulinge als stolzer Teil des Teams betrachten. Bereits nach kurzer &hellip;<\/p>\n<\/div>","protected":false},"author":1,"featured_media":0,"comment_status":"closed","ping_status":"closed","sticky":false,"template":"","format":"standard","meta":{"footnotes":""},"categories":[1,53],"tags":[],"class_list":["post-101277","post","type-post","status-publish","format-standard","hentry","category-startseite","category-bildung"],"_links":{"self":[{"href":"https:\/\/www.fuldaernachrichten.de\/index.php?rest_route=\/wp\/v2\/posts\/101277","targetHints":{"allow":["GET"]}}],"collection":[{"href":"https:\/\/www.fuldaernachrichten.de\/index.php?rest_route=\/wp\/v2\/posts"}],"about":[{"href":"https:\/\/www.fuldaernachrichten.de\/index.php?rest_route=\/wp\/v2\/types\/post"}],"author":[{"embeddable":true,"href":"https:\/\/www.fuldaernachrichten.de\/index.php?rest_route=\/wp\/v2\/users\/1"}],"replies":[{"embeddable":true,"href":"https:\/\/www.fuldaernachrichten.de\/index.php?rest_route=%2Fwp%2Fv2%2Fcomments&post=101277"}],"version-history":[{"count":0,"href":"https:\/\/www.fuldaernachrichten.de\/index.php?rest_route=\/wp\/v2\/posts\/101277\/revisions"}],"wp:attachment":[{"href":"https:\/\/www.fuldaernachrichten.de\/index.php?rest_route=%2Fwp%2Fv2%2Fmedia&parent=101277"}],"wp:term":[{"taxonomy":"category","embeddable":true,"href":"https:\/\/www.fuldaernachrichten.de\/index.php?rest_route=%2Fwp%2Fv2%2Fcategories&post=101277"},{"taxonomy":"post_tag","embeddable":true,"href":"https:\/\/www.fuldaernachrichten.de\/index.php?rest_route=%2Fwp%2Fv2%2Ftags&post=101277"}],"curies":[{"name":"wp","href":"https:\/\/api.w.org\/{rel}","templated":true}]}}