{"id":101274,"date":"2012-08-26T00:09:14","date_gmt":"2012-08-26T00:09:14","guid":{"rendered":"http:\/\/www.fuldaer-nachrichten.de\/?p=101274"},"modified":"2012-08-26T06:28:23","modified_gmt":"2012-08-26T06:28:23","slug":"bunte-botschaften-der-hoffnung-malen-fur-haiti-mit-paddy-kelly-in-der-kinder-akademie-fulda","status":"publish","type":"post","link":"https:\/\/www.fuldaernachrichten.de\/?p=101274","title":{"rendered":"Bunte Botschaften der Hoffnung: Malen f\u00fcr Haiti mit Paddy Kelly in der Kinder-Akademie Fulda"},"content":{"rendered":"<p><a href=\"http:\/\/www.fuldaer-nachrichten.de\/wp-content\/uploads\/2012\/08\/01_a.jpg\"><img fetchpriority=\"high\" decoding=\"async\" class=\"alignnone size-full wp-image-101275\" title=\"01_a\" src=\"http:\/\/www.fuldaer-nachrichten.de\/wp-content\/uploads\/2012\/08\/01_a.jpg\" alt=\"\" width=\"560\" height=\"358\" \/><\/a><\/p>\n<p>Fulda. Kinderbilder als kreative Botschaften der Hoffnung &#8211; im Rahmen seiner T\u00e4tigkeit als Botschafter von Caritas International \u00fcberrascht Paddy Kelly jetzt mit einem sprichw\u00f6rtlich Kontinent \u00fcberspannenden Projekt, das haitianischen und deutschen Kindern eine bunte Stimme verleiht.<\/p>\n<p>Seit langem engagiert sich Paddy Kelly als Botschafter von Caritas International f\u00fcr deren Hilfsprojekte. Beim schrecklichen Erdbeben im Januar 2010 wurde auch Asile St. Vincent de Paul in L\u00e9og\u00e1ne \u2013 ein Zuhause f\u00fcr die Schw\u00e4chsten &#8211; komplett zerst\u00f6rt. Der Wiederaufbau dieses zerst\u00f6rten generationen\u00fcbergreifenden Zentrums in Haiti ist ein Projekt von Caritas International. Eingegliedert in dieses Zentrum ist eine Grundschule f\u00fcr 400 Kinder. Das ohnehin unzureichende Schulsystem Haitis wurde durch das Erdbeben extrem geschw\u00e4cht. \u00dcber 4.000 Schulen wurden zerst\u00f6rt. Weiter Informationen zu diesem Hilfsprojekt unter http:\/\/www.caritas-international.de\/76005.html<\/p>\n<p><strong><\/strong>33 Kinder aus dieser zerst\u00f6rten Schule malen zusammen mit Schwester Claudette, der Leiterin des Zentrums, 33 Bilder \u2013 und verleihen auf diese Weise ihren Erfahrungen und traumatischen Erinnerungen an Zerst\u00f6rung, Hunger und Tod Ausdruck. Aber sie zeigen auch ihre Zukunftsw\u00fcnsche f\u00fcr eine bessere Welt.<\/p>\n<p><a href=\"http:\/\/www.fuldaer-nachrichten.de\/wp-content\/uploads\/2012\/08\/Portrait-Einladung.jpg\"><img decoding=\"async\" class=\"alignleft size-thumbnail wp-image-101276\" title=\"Portrait Einladung\" src=\"http:\/\/www.fuldaer-nachrichten.de\/wp-content\/uploads\/2012\/08\/Portrait-Einladung-265x384.jpg\" alt=\"\" width=\"265\" height=\"384\" srcset=\"https:\/\/www.fuldaernachrichten.de\/wp-content\/uploads\/2012\/08\/Portrait-Einladung-265x384.jpg 265w, https:\/\/www.fuldaernachrichten.de\/wp-content\/uploads\/2012\/08\/Portrait-Einladung-182x265.jpg 182w, https:\/\/www.fuldaernachrichten.de\/wp-content\/uploads\/2012\/08\/Portrait-Einladung-413x600.jpg 413w, https:\/\/www.fuldaernachrichten.de\/wp-content\/uploads\/2012\/08\/Portrait-Einladung.jpg 600w\" sizes=\"(max-width: 265px) 100vw, 265px\" \/><\/a>Paddy Kellys Idee ist es, ebenfalls mit 33 Kindern in Fulda anhand dieser Bilder \u00fcber die Lebensumst\u00e4nde der Kinder in Haiti zu sprechen\u00c2\u00a0 und mit ihnen zusammen Bilder zu malen, die dann nach Haiti gebracht werden sollen. Diese Bilder sollen Zuversicht und Hoffnung wecken und die Kinder in Haiti sp\u00fcren lassen: Ihr seid nicht allein \u2013 die Welt besteht nicht nur aus Not und Zerst\u00f6rung. Die 33 Bilder der Kinder aus Fulda sagen: Uns geht es gut, wir leben in Frieden und Wohlstand \u2013 und wir denken an euch und vergessen euch nicht- gebt nicht auf.<\/p>\n<p>Dieser Workshop findet statt im Rahmen der erstmaligen \u00f6ffentlichen Pr\u00e4sentation von den Bildern Paddy Kellys im Radom auf der Wasserkuppe und in der Kinder-Akademie Fulda am 28. &amp; 29. September 2012. Paddy Kelly \u2013 ART PEACE wird pr\u00e4sentiert von der Galerie Bilder Fuchs, Fulda.<\/p>\n<p><strong>Verlosung: Workshop mit Paddy Kelly<\/strong><\/p>\n<p>Alle Kinder zwischen 6-14 Jahren k\u00f6nnen sich f\u00fcr eine Teilnahme bewerben. Der Workshop\u00c2\u00a0 findet am Samstag, 29. September 2012 von 13 \u2013 16 Uhr statt. Die Teilnahme ist kostenfrei, Malmaterial wird gestellt. Bewerbungen werden angenommen bis zum 05. September 2012. Schriftlich unter info@kaf.de oder info@bilder-fuchs.de. Wenn sich mehr als die geplante Anzahl von Kindern bewerben sollte, wird das Los entscheiden.<\/p>\n","protected":false},"excerpt":{"rendered":"<div class=\"tmnf_excerpt\"><p>Fulda. Kinderbilder als kreative Botschaften der Hoffnung &#8211; im Rahmen seiner T\u00e4tigkeit als Botschafter von Caritas International \u00fcberrascht Paddy Kelly jetzt mit einem sprichw\u00f6rtlich Kontinent \u00fcberspannenden Projekt, das haitianischen und deutschen Kindern eine bunte Stimme verleiht. Seit langem engagiert sich Paddy Kelly als Botschafter von Caritas International f\u00fcr deren Hilfsprojekte. Beim schrecklichen Erdbeben im Januar &hellip;<\/p>\n<\/div>","protected":false},"author":1,"featured_media":0,"comment_status":"closed","ping_status":"closed","sticky":false,"template":"","format":"standard","meta":{"footnotes":""},"categories":[1,53,78],"tags":[],"class_list":["post-101274","post","type-post","status-publish","format-standard","hentry","category-startseite","category-bildung","category-topthema"],"_links":{"self":[{"href":"https:\/\/www.fuldaernachrichten.de\/index.php?rest_route=\/wp\/v2\/posts\/101274","targetHints":{"allow":["GET"]}}],"collection":[{"href":"https:\/\/www.fuldaernachrichten.de\/index.php?rest_route=\/wp\/v2\/posts"}],"about":[{"href":"https:\/\/www.fuldaernachrichten.de\/index.php?rest_route=\/wp\/v2\/types\/post"}],"author":[{"embeddable":true,"href":"https:\/\/www.fuldaernachrichten.de\/index.php?rest_route=\/wp\/v2\/users\/1"}],"replies":[{"embeddable":true,"href":"https:\/\/www.fuldaernachrichten.de\/index.php?rest_route=%2Fwp%2Fv2%2Fcomments&post=101274"}],"version-history":[{"count":0,"href":"https:\/\/www.fuldaernachrichten.de\/index.php?rest_route=\/wp\/v2\/posts\/101274\/revisions"}],"wp:attachment":[{"href":"https:\/\/www.fuldaernachrichten.de\/index.php?rest_route=%2Fwp%2Fv2%2Fmedia&parent=101274"}],"wp:term":[{"taxonomy":"category","embeddable":true,"href":"https:\/\/www.fuldaernachrichten.de\/index.php?rest_route=%2Fwp%2Fv2%2Fcategories&post=101274"},{"taxonomy":"post_tag","embeddable":true,"href":"https:\/\/www.fuldaernachrichten.de\/index.php?rest_route=%2Fwp%2Fv2%2Ftags&post=101274"}],"curies":[{"name":"wp","href":"https:\/\/api.w.org\/{rel}","templated":true}]}}