{"id":101269,"date":"2012-08-26T00:12:35","date_gmt":"2012-08-26T00:12:35","guid":{"rendered":"http:\/\/www.fuldaer-nachrichten.de\/?p=101269"},"modified":"2012-08-26T06:21:14","modified_gmt":"2012-08-26T06:21:14","slug":"reservisten-unterstutzen-behindertentag","status":"publish","type":"post","link":"https:\/\/www.fuldaernachrichten.de\/?p=101269","title":{"rendered":"Reservisten unterst\u00fctzen Behindertentag"},"content":{"rendered":"<p><a href=\"http:\/\/www.fuldaer-nachrichten.de\/wp-content\/uploads\/2012\/08\/Behindertentag-2012-022.jpg\"><img decoding=\"async\" class=\"alignleft size-thumbnail wp-image-101270\" title=\"Behindertentag 2012 022\" src=\"http:\/\/www.fuldaer-nachrichten.de\/wp-content\/uploads\/2012\/08\/Behindertentag-2012-022-265x133.jpg\" alt=\"\" width=\"265\" height=\"133\" srcset=\"https:\/\/www.fuldaernachrichten.de\/wp-content\/uploads\/2012\/08\/Behindertentag-2012-022-265x133.jpg 265w, https:\/\/www.fuldaernachrichten.de\/wp-content\/uploads\/2012\/08\/Behindertentag-2012-022.jpg 518w\" sizes=\"(max-width: 265px) 100vw, 265px\" \/><\/a>Fulda. Am vergangenen Wochenende unterst\u00fctzen Soldaten der Reserve der Kreisgruppe Osthessen im Reservistenverband die Aktion f\u00fcr behinderte Menschen im Landkreis Hersfeld Rotenburg beim Deutschen Behindertentag in Bad Hersfeld. Bereits am Freitag wurden B\u00fchne und Zelte aufgebaut, und am Samstag hie\u00df es Tischgruppen aufstellen, an den St\u00e4nden helfen, Fahrdienste leisten und am Abend alles wieder abbauen.<br \/>\nDabei war der Unteroffizier d.R. Wolfgang Schneider sogar in Doppelfunktion t\u00e4tig: Als Gesch\u00e4ftsf\u00fchrer der Aktion f\u00fcr behinderte Menschen und als Beauftragter f\u00fcr soziale Angelegenheiten der Kreisgruppe Osthessen im Reservistenverband. <!--more--><br \/>\nSchneider verkaufte gemeinsam mit anderen Soldaten der Reserve handwerklich gefertigte Artikel der Bebraer Werkst\u00e4tten zu Gunsten der Behinderten und verteilte Flyer der Aktion f\u00fcr behinderte Menschen. Mit einer Drehorgel sammelten die Reservisten gemeinsam mit dem Pr\u00e4sidenten der Aktion f\u00fcr behinderte Menschen, Oberst a.D. J\u00fcrgen Damm, Spenden f\u00fcr Sicherheitseinrichtungen im Behindertensport. Dabei wurden in der Weinstra\u00dfe und am Lingplatz 239,44 Euro gesammelt. Das Geld wird am Montag an den Verein Hand zum Herz zur Anschaffung von Defibrillatoren \u00fcbergeben.<\/p>\n<p>Die osthessischen Reservisten decken eine enorme Breite mit ihrem ehrenamtlichen Engagement f\u00fcr die Bundeswehr und unsere Gesellschaft ab: Im milit\u00e4rischen Bereich stellt die RK Marbach wiederholt den Bundessieger der Reservistenmeisterschaft. Daneben engagieren sich unsere Soldaten der Reserve in den Landkreisen Hersfeld-Rotenburg und Fulda aktiv f\u00fcr die Schwachen unserer Gesellschaft -\u00c2\u00a0 so kommen aufgrund ihrer Aktivit\u00e4ten j\u00e4hrlich ca. 15.000\u00e2\u201a\u00ac Spendengelder der guten Sache zu Gute. Bundesweit ebenfalls absolute Spitze. Beim Reservistentag verdienten sie sich allgemeine Anerkennung \u2013 die Unterst\u00fctzung des Behindertentages 2013 ist f\u00fcr die osthessischen Soldaten der Reserve Ehrensache.<\/p>\n","protected":false},"excerpt":{"rendered":"<div class=\"tmnf_excerpt\"><p>Fulda. Am vergangenen Wochenende unterst\u00fctzen Soldaten der Reserve der Kreisgruppe Osthessen im Reservistenverband die Aktion f\u00fcr behinderte Menschen im Landkreis Hersfeld Rotenburg beim Deutschen Behindertentag in Bad Hersfeld. Bereits am Freitag wurden B\u00fchne und Zelte aufgebaut, und am Samstag hie\u00df es Tischgruppen aufstellen, an den St\u00e4nden helfen, Fahrdienste leisten und am Abend alles wieder abbauen. &hellip;<\/p>\n<\/div>","protected":false},"author":1,"featured_media":0,"comment_status":"closed","ping_status":"closed","sticky":false,"template":"","format":"standard","meta":{"footnotes":""},"categories":[1,51],"tags":[],"class_list":["post-101269","post","type-post","status-publish","format-standard","hentry","category-startseite","category-medizin"],"_links":{"self":[{"href":"https:\/\/www.fuldaernachrichten.de\/index.php?rest_route=\/wp\/v2\/posts\/101269","targetHints":{"allow":["GET"]}}],"collection":[{"href":"https:\/\/www.fuldaernachrichten.de\/index.php?rest_route=\/wp\/v2\/posts"}],"about":[{"href":"https:\/\/www.fuldaernachrichten.de\/index.php?rest_route=\/wp\/v2\/types\/post"}],"author":[{"embeddable":true,"href":"https:\/\/www.fuldaernachrichten.de\/index.php?rest_route=\/wp\/v2\/users\/1"}],"replies":[{"embeddable":true,"href":"https:\/\/www.fuldaernachrichten.de\/index.php?rest_route=%2Fwp%2Fv2%2Fcomments&post=101269"}],"version-history":[{"count":0,"href":"https:\/\/www.fuldaernachrichten.de\/index.php?rest_route=\/wp\/v2\/posts\/101269\/revisions"}],"wp:attachment":[{"href":"https:\/\/www.fuldaernachrichten.de\/index.php?rest_route=%2Fwp%2Fv2%2Fmedia&parent=101269"}],"wp:term":[{"taxonomy":"category","embeddable":true,"href":"https:\/\/www.fuldaernachrichten.de\/index.php?rest_route=%2Fwp%2Fv2%2Fcategories&post=101269"},{"taxonomy":"post_tag","embeddable":true,"href":"https:\/\/www.fuldaernachrichten.de\/index.php?rest_route=%2Fwp%2Fv2%2Ftags&post=101269"}],"curies":[{"name":"wp","href":"https:\/\/api.w.org\/{rel}","templated":true}]}}