{"id":101268,"date":"2012-08-26T00:13:16","date_gmt":"2012-08-26T00:13:16","guid":{"rendered":"http:\/\/www.fuldaer-nachrichten.de\/?p=101268"},"modified":"2012-08-26T06:19:20","modified_gmt":"2012-08-26T06:19:20","slug":"vierter-selbsthilfetag-in-fulda-ein-voller-erfolg-30-gruppen-auf-dem-universitatsplatz","status":"publish","type":"post","link":"https:\/\/www.fuldaernachrichten.de\/?p=101268","title":{"rendered":"Vierter Selbsthilfetag in Fulda ein voller Erfolg &#8211; 30 Gruppen auf dem Universit\u00e4tsplatz"},"content":{"rendered":"<p>Fulda. \u201eErfahrung, Kraft und Hoffnung teilen\u201c \u2013 so dr\u00fcckte der Vertreter einer Selbsthilfegruppe deren zentrales Anliegen aus. Selbsthilfegruppen sind offen und jederzeit f\u00fcr Menschen ansprechbar, die an einer chronischen Krankheit leiden oder sich in einer anderen schwierigen Lebenssituation\u00c2\u00a0 befinden. Selbsthilfetage sind die ideale Gelegenheit f\u00fcr sie, sich Interessierten bekannt zu machen und sie zum Mitmachen anzuregen. In Fulda bestand diese Gelegenheit am 25. August zum vierten Mal: Auf dem zentralen Universit\u00e4tsplatz konnten sich Fuldaer B\u00fcrgerinnen und B\u00fcrger unter rund 30 Selbsthilfegruppen, Beratungsstellen und Verb\u00e4nden umsehen und Gespr\u00e4che f\u00fchren. <!--more--><\/p>\n<p>Sie wurden von Engagierten aus den unterschiedlichsten Gruppen \u00fcber deren Aktivit\u00e4ten informiert \u2013 von solchen f\u00fcr Krebs-kranke oder von einer anderen chronischen Krankheit Betroffene \u00fcber Gruppen f\u00fcr Menschen mit psychischen Krankheiten bis hin zu Gruppen, in denen sich Menschen in schwierigen sozialen Lebenssituationen zusammenfinden. In Vortr\u00e4gen wurden besondere Themen wie Nahrungsmittelunvertr\u00e4glichkeiten oder Organspende aufgegriffen und vertieft.<\/p>\n<p><strong>Stadt und Landkreis Fulda unterst\u00fctzen Selbsthilfe<\/strong><\/p>\n<p>Der vierte Selbsthilfetag in Fulda stand unter der Schirmherrschaft des Fuldaer B\u00fcrgermeisters Dr. Wolfgang Dippel, der in seiner Ansprache die Bedeutung der Selbsthilfe hervorhob und auch die Gr\u00fc\u00dfe des Landkreises \u00fcberbrachte. Die Er\u00f6ffnung \u00fcbernahm der Landesgesch\u00e4ftsf\u00fchrer des PARIT\u00c4TISCHEN Hessen G\u00fcnter Woltering. Vorbereitet und organisiert wurde der Selbsthilfetag von einem Vorbereitungskreis aus Engagierten in der Selbsthilfe sowie vom Selbsthilfeb\u00fcro Osthessen, einer Einrichtung der gemeinn\u00fctzigen PARIT\u00c4TISCHEN Projekte GmbH. Sie ber\u00e4t die Selbsthilfegruppen, unterst\u00fctzt Betroffene bei der Gr\u00fcndung einer Gruppe und sorgt f\u00fcr Information und Vernetzung.<\/p>\n<p><strong>Rolle der Selbsthilfe wichtiger denn je<\/strong><\/p>\n<p>Heute ist die Arbeit der Selbsthilfegruppen so wichtig geworden, dass sie aus dem Gesund-heitswesen nicht mehr wegzudenken ist. In der Selbsthilfe Aktive sorgen f\u00fcr regelm\u00e4\u00dfige Gruppengespr\u00e4che, beraten Betroffene vorbeugend, akut und nachsorgend, sie besuchen erkrankte Gruppenmitglieder vor und nach Operationen, sie stellen ihre Selbsthilfegruppe Neubetroffenen vor und sie f\u00fchren Informationsgespr\u00e4che mit \u00c4rzten und Pflegepersonal. Die Bedeutung dieser T\u00e4tigkeiten ist vielen Gesunden heute noch gar nicht bewusst -\u00c2\u00a0 doch von einem Tag auf den anderen kann jeder von uns in eine Situation geraten, in der eine Selbsthilfegruppe eine gro\u00dfe Unterst\u00fctzung darstellen kann. Auch die Bew\u00e4ltigung des Alltags ist ein wichtiger Inhalt der Gruppent\u00e4tigkeit. Gemeinsame Aktivit\u00e4ten helfen, Vereinsa-mung zu vermeiden und Mutlosigkeit entgegenzuwirken. Betroffene erfahren so, dass sie mit ihrem Problem nicht allein sind. Durch gegenseitiges Verst\u00e4ndnis, Ermutigung und Vor-bilder werden sie gest\u00e4rkt, so dass sie oft wieder am Leben in der Gesellschaft teilhaben k\u00f6nnen.<\/p>\n","protected":false},"excerpt":{"rendered":"<div class=\"tmnf_excerpt\"><p>Fulda. \u201eErfahrung, Kraft und Hoffnung teilen\u201c \u2013 so dr\u00fcckte der Vertreter einer Selbsthilfegruppe deren zentrales Anliegen aus. Selbsthilfegruppen sind offen und jederzeit f\u00fcr Menschen ansprechbar, die an einer chronischen Krankheit leiden oder sich in einer anderen schwierigen Lebenssituation\u00c2\u00a0 befinden. Selbsthilfetage sind die ideale Gelegenheit f\u00fcr sie, sich Interessierten bekannt zu machen und sie zum Mitmachen &hellip;<\/p>\n<\/div>","protected":false},"author":1,"featured_media":0,"comment_status":"closed","ping_status":"closed","sticky":false,"template":"","format":"standard","meta":{"footnotes":""},"categories":[1,51],"tags":[],"class_list":["post-101268","post","type-post","status-publish","format-standard","hentry","category-startseite","category-medizin"],"_links":{"self":[{"href":"https:\/\/www.fuldaernachrichten.de\/index.php?rest_route=\/wp\/v2\/posts\/101268","targetHints":{"allow":["GET"]}}],"collection":[{"href":"https:\/\/www.fuldaernachrichten.de\/index.php?rest_route=\/wp\/v2\/posts"}],"about":[{"href":"https:\/\/www.fuldaernachrichten.de\/index.php?rest_route=\/wp\/v2\/types\/post"}],"author":[{"embeddable":true,"href":"https:\/\/www.fuldaernachrichten.de\/index.php?rest_route=\/wp\/v2\/users\/1"}],"replies":[{"embeddable":true,"href":"https:\/\/www.fuldaernachrichten.de\/index.php?rest_route=%2Fwp%2Fv2%2Fcomments&post=101268"}],"version-history":[{"count":0,"href":"https:\/\/www.fuldaernachrichten.de\/index.php?rest_route=\/wp\/v2\/posts\/101268\/revisions"}],"wp:attachment":[{"href":"https:\/\/www.fuldaernachrichten.de\/index.php?rest_route=%2Fwp%2Fv2%2Fmedia&parent=101268"}],"wp:term":[{"taxonomy":"category","embeddable":true,"href":"https:\/\/www.fuldaernachrichten.de\/index.php?rest_route=%2Fwp%2Fv2%2Fcategories&post=101268"},{"taxonomy":"post_tag","embeddable":true,"href":"https:\/\/www.fuldaernachrichten.de\/index.php?rest_route=%2Fwp%2Fv2%2Ftags&post=101268"}],"curies":[{"name":"wp","href":"https:\/\/api.w.org\/{rel}","templated":true}]}}