{"id":101267,"date":"2012-08-25T00:10:49","date_gmt":"2012-08-25T00:10:49","guid":{"rendered":"http:\/\/www.fuldaer-nachrichten.de\/?p=101267"},"modified":"2012-08-25T08:08:34","modified_gmt":"2012-08-25T08:08:34","slug":"bibel-aktuell-morgen-mit-pfarrer-christian-schmitt-fulda","status":"publish","type":"post","link":"https:\/\/www.fuldaernachrichten.de\/?p=101267","title":{"rendered":"\u201eBibel aktuell\u201c morgen mit Pfarrer Christian Schmitt (Fulda)"},"content":{"rendered":"<p><strong>Fulda\/Kassel <\/strong>(bpf). Innerhalb der Sendung \u201eKreuz und Quer\u201c \u2013 dem dreist\u00fcndigen Kirchenmagazin bei Hit-Radio FFH \u2013 werden in der regionalisierten Reihe \u201eBibel aktuell\u201c am Sonntag, 26. August, zwischen 8 und 9 Uhr Pfarrer Martin Sch\u00f6ppe (Hofgeismar) im Sendegebiet Nord und Pfarrer Christian Schmitt (Fulda) im Bereich Osthessen\/S\u00fcdth\u00fcringen zu h\u00f6ren sein.<\/p>\n<p>&nbsp;<\/p>\n","protected":false},"excerpt":{"rendered":"<div class=\"tmnf_excerpt\"><p>Fulda\/Kassel (bpf). Innerhalb der Sendung \u201eKreuz und Quer\u201c \u2013 dem dreist\u00fcndigen Kirchenmagazin bei Hit-Radio FFH \u2013 werden in der regionalisierten Reihe \u201eBibel aktuell\u201c am Sonntag, 26. August, zwischen 8 und 9 Uhr Pfarrer Martin Sch\u00f6ppe (Hofgeismar) im Sendegebiet Nord und Pfarrer Christian Schmitt (Fulda) im Bereich Osthessen\/S\u00fcdth\u00fcringen zu h\u00f6ren sein. &nbsp;<\/p>\n<\/div>","protected":false},"author":1,"featured_media":0,"comment_status":"closed","ping_status":"closed","sticky":false,"template":"","format":"standard","meta":{"footnotes":""},"categories":[1,50],"tags":[],"class_list":["post-101267","post","type-post","status-publish","format-standard","hentry","category-startseite","category-kirche"],"_links":{"self":[{"href":"https:\/\/www.fuldaernachrichten.de\/index.php?rest_route=\/wp\/v2\/posts\/101267","targetHints":{"allow":["GET"]}}],"collection":[{"href":"https:\/\/www.fuldaernachrichten.de\/index.php?rest_route=\/wp\/v2\/posts"}],"about":[{"href":"https:\/\/www.fuldaernachrichten.de\/index.php?rest_route=\/wp\/v2\/types\/post"}],"author":[{"embeddable":true,"href":"https:\/\/www.fuldaernachrichten.de\/index.php?rest_route=\/wp\/v2\/users\/1"}],"replies":[{"embeddable":true,"href":"https:\/\/www.fuldaernachrichten.de\/index.php?rest_route=%2Fwp%2Fv2%2Fcomments&post=101267"}],"version-history":[{"count":0,"href":"https:\/\/www.fuldaernachrichten.de\/index.php?rest_route=\/wp\/v2\/posts\/101267\/revisions"}],"wp:attachment":[{"href":"https:\/\/www.fuldaernachrichten.de\/index.php?rest_route=%2Fwp%2Fv2%2Fmedia&parent=101267"}],"wp:term":[{"taxonomy":"category","embeddable":true,"href":"https:\/\/www.fuldaernachrichten.de\/index.php?rest_route=%2Fwp%2Fv2%2Fcategories&post=101267"},{"taxonomy":"post_tag","embeddable":true,"href":"https:\/\/www.fuldaernachrichten.de\/index.php?rest_route=%2Fwp%2Fv2%2Ftags&post=101267"}],"curies":[{"name":"wp","href":"https:\/\/api.w.org\/{rel}","templated":true}]}}