{"id":101262,"date":"2012-08-25T07:57:54","date_gmt":"2012-08-25T07:57:54","guid":{"rendered":"http:\/\/www.fuldaer-nachrichten.de\/?p=101262"},"modified":"2012-08-25T07:57:54","modified_gmt":"2012-08-25T07:57:54","slug":"heute-selbsthilfetag-2012-positive-werbung-gesprache-und-informationen","status":"publish","type":"post","link":"https:\/\/www.fuldaernachrichten.de\/?p=101262","title":{"rendered":"HEUTE Selbsthilfetag 2012: Positive Werbung, Gespr\u00e4che und Informationen"},"content":{"rendered":"<p><a href=\"http:\/\/www.fuldaer-nachrichten.de\/wp-content\/uploads\/2012\/08\/Claus_Buchhorn_Christine_Kirchner_Dr_Wolfgang_Dippel_Anita_Mohr_Michael_M\u00f6ller.jpg\"><img decoding=\"async\" class=\"alignleft size-thumbnail wp-image-101263\" title=\"Claus_Buchhorn_Christine_Kirchner_Dr_Wolfgang_Dippel_Anita_Mohr_Michael_M\u00f6ller\" src=\"http:\/\/www.fuldaer-nachrichten.de\/wp-content\/uploads\/2012\/08\/Claus_Buchhorn_Christine_Kirchner_Dr_Wolfgang_Dippel_Anita_Mohr_Michael_M\u00f6ller-265x175.jpg\" alt=\"\" width=\"265\" height=\"175\" \/><\/a>Fulda. (hm) \u00dcber 150 Selbsthilfegruppen gibt es in den Kreisen Hersfeld-Rotenburg, Fulda und Vogelsberg, ein Teil davon pr\u00e4sentiert sich am heutigen 25. August 2012 Betroffenen, Angeh\u00f6rigen und Interessierten der \u00d6ffentlichkeit am 4. Selbsthilfetag von 11.00 Uhr bis 16.00 Uhr auf dem neu gestalteten Universit\u00e4tsplatz im Herzen Fuldas.<br \/>\nDie Vorbereitungen laufen auf Hochtouren. Um diesen wichtigen Tag zu organisieren haben Christine Kircher, die Leiterin des Selbsthilfeb\u00fcros Osthessen, und ein siebenk\u00f6pfiges Vorbereitungsteam alle H\u00e4nde voll zu tun. Tr\u00e4ger des Selbsthilfeb\u00fcros Osthessen ist die Parit\u00e4tische Projekte gGmbH, eine Tochtergesellschaft des Parit\u00e4tischen Wohlfahrtsverbandes Hessen, Petersberger Str. 21 in 36037 Fulda. <!--more--><br \/>\n<strong>Hilfe zur Selbsthilfe<\/strong><\/p>\n<p>Hilfe zur Selbsthilfe &#8211; die ausstellenden Gruppen decken ein breites Spektrum ab: Behinderung, Ern\u00e4hrung, K\u00f6rper &amp; Seele, Anonyme und soziale Gruppen. Sie unterst\u00fctzen, zeigen M\u00f6glichkeiten und auch neue Wege, um mit der Krankheit oder dem Leiden besser umgehen zu k\u00f6nnen. Vertrauen, Verst\u00e4ndnis, Respekt und Diskretion sind die Basis unserer Gruppenarbeit \u2013 Hilfe zur Selbsthilfe, um im Kreis von gleich Betroffenen ein wertvolles Miteinander zu erleben. Die Schirmherrschaft hat der B\u00fcrgermeister, Sozialdezernent der Stadt Fulda, Dr. Wolfgang Dippel \u00fcbernommen.<\/p>\n<p>\u201eDie Selbsthilfegruppen leisten \u2013 \u00fcberwiegend ehrenamtlich \u2013 eine engagierte Arbeit und sind aus unserer Region Fulda nicht mehr wegzudenken. Ich danke ausdr\u00fccklich f\u00fcr die gute und qualifizierte Kooperation zum Wohle der betroffenen Menschen. Wer von Herzen hilft, erwartet keine Dankbarkeit! In diesem Sinne alles Gute\u201c, so B\u00fcrgermeister Dr. Wolfgang Dippel. Die Initiatoren m\u00f6chten durch den Tag \u2013 der unter der Schirmherrschaft\u00c2\u00a0 von B\u00fcrgermeister Dr. Dippel durchgef\u00fchrt wird &#8211; den Selbsthilfegruppen Mut machen, eigene \u00c4ngste und Vorbehalte zu \u00fcberwinden, sich \u00e4hnlich Betroffenen anzuschlie\u00dfen, am 4. Selbsthilfetag erste Gespr\u00e4che zu f\u00fchren oder auch \u201enur\u201c Informationen zu sammeln.<\/p>\n","protected":false},"excerpt":{"rendered":"<div class=\"tmnf_excerpt\"><p>Fulda. (hm) \u00dcber 150 Selbsthilfegruppen gibt es in den Kreisen Hersfeld-Rotenburg, Fulda und Vogelsberg, ein Teil davon pr\u00e4sentiert sich am heutigen 25. August 2012 Betroffenen, Angeh\u00f6rigen und Interessierten der \u00d6ffentlichkeit am 4. Selbsthilfetag von 11.00 Uhr bis 16.00 Uhr auf dem neu gestalteten Universit\u00e4tsplatz im Herzen Fuldas. Die Vorbereitungen laufen auf Hochtouren. Um diesen wichtigen &hellip;<\/p>\n<\/div>","protected":false},"author":1,"featured_media":0,"comment_status":"closed","ping_status":"closed","sticky":false,"template":"","format":"standard","meta":{"footnotes":""},"categories":[1],"tags":[],"class_list":["post-101262","post","type-post","status-publish","format-standard","hentry","category-startseite"],"_links":{"self":[{"href":"https:\/\/www.fuldaernachrichten.de\/index.php?rest_route=\/wp\/v2\/posts\/101262","targetHints":{"allow":["GET"]}}],"collection":[{"href":"https:\/\/www.fuldaernachrichten.de\/index.php?rest_route=\/wp\/v2\/posts"}],"about":[{"href":"https:\/\/www.fuldaernachrichten.de\/index.php?rest_route=\/wp\/v2\/types\/post"}],"author":[{"embeddable":true,"href":"https:\/\/www.fuldaernachrichten.de\/index.php?rest_route=\/wp\/v2\/users\/1"}],"replies":[{"embeddable":true,"href":"https:\/\/www.fuldaernachrichten.de\/index.php?rest_route=%2Fwp%2Fv2%2Fcomments&post=101262"}],"version-history":[{"count":0,"href":"https:\/\/www.fuldaernachrichten.de\/index.php?rest_route=\/wp\/v2\/posts\/101262\/revisions"}],"wp:attachment":[{"href":"https:\/\/www.fuldaernachrichten.de\/index.php?rest_route=%2Fwp%2Fv2%2Fmedia&parent=101262"}],"wp:term":[{"taxonomy":"category","embeddable":true,"href":"https:\/\/www.fuldaernachrichten.de\/index.php?rest_route=%2Fwp%2Fv2%2Fcategories&post=101262"},{"taxonomy":"post_tag","embeddable":true,"href":"https:\/\/www.fuldaernachrichten.de\/index.php?rest_route=%2Fwp%2Fv2%2Ftags&post=101262"}],"curies":[{"name":"wp","href":"https:\/\/api.w.org\/{rel}","templated":true}]}}