{"id":101258,"date":"2012-08-25T00:10:08","date_gmt":"2012-08-25T00:10:08","guid":{"rendered":"http:\/\/www.fuldaer-nachrichten.de\/?p=101258"},"modified":"2012-08-25T07:52:31","modified_gmt":"2012-08-25T07:52:31","slug":"sabine-waschke-spd-kritisiert-familienbild-der-cdu-ist-langst-uberholt","status":"publish","type":"post","link":"https:\/\/www.fuldaernachrichten.de\/?p=101258","title":{"rendered":"Sabine Waschke (SPD) kritisiert: &#8220;Familienbild der CDU ist l\u00e4ngst \u00fcberholt&#8221;"},"content":{"rendered":"<p>Fulda. Die CDU in Osthessen ist nach Meinung von Hans-Joachim Tritschler, SPD-Stadtverband Fulda und SPD-Landtagsabgeordnete Sabine Waschke r\u00fcckst\u00e4ndig, weil sie keine Antworten auf die Herausforderungen der modernen Gesellschaft gibt. Es geht den beiden SPD-Politikern nicht darum, dem jeweiligen Zeitgeist das Wort zu reden, sondern sich mit den gesellschaftlichen Realit\u00e4ten zu befassen. So wollen sie es als Sozialdemokraten nicht dulden, wenn gleichgeschlechtliche Partnerbeziehungen von der CDU stigmatisiert werden (rosa Dreieck).<!--more--><\/p>\n<p>Erwiesen sei statistisch, dass trotz famili\u00e4rer Unterst\u00fctzung wie Elterngeld und Elternzeit etc. die Bundesrepublik mit der Geburtenrate in Europa hinterher hinkt. Verbesserte Betreuungsangebote sind nach ihrer \u00dcberzeugung wichtiger als eine Herdpr\u00e4mie. Anerkennung von Lebensgemeinschaften w\u00fcrde von der CDU negiert! Was will die CDU eigentlich, fragen sich die SPD-Politiker? &#8220;Den Familienbegriff der 50-er Jahre, Frauen wieder an den Herd?&#8221;<\/p>\n<p>Leider st\u00f6\u00dft Dr. Wolfgang Dippel in das gleiche Horn der Fuldaer CDU. Hat er Angst vor einer eigenen Meinung innerhalb der heimischen CDU? Nimmt er f\u00fcr sich als CDU B\u00fcrgermeister in Anspruch: &#8220;Ich w\u00fcrde ja gerne meine von der CDU abweichende Meinung \u00e4u\u00dfern, wenn ich d\u00fcrfte.&#8221;<\/p>\n<p>Die CDU, so zeigen sich die Sozialdemokraten \u00fcberzeugt, ist in ihrer Familienpolitik l\u00e4ngst in vergangene Zeiten zur\u00fcckgefallen oder zeigt erst heute wieder ihr wahres Gesicht, das sie bisher aus taktischen Gr\u00fcnden versteckt hat? Mit einer r\u00fcckst\u00e4ndigen Familienpolitik \u00e1 la CDU liesse sich keine moderne Gesellschaft bauen.<\/p>\n<p>&nbsp;<\/p>\n","protected":false},"excerpt":{"rendered":"<div class=\"tmnf_excerpt\"><p>Fulda. Die CDU in Osthessen ist nach Meinung von Hans-Joachim Tritschler, SPD-Stadtverband Fulda und SPD-Landtagsabgeordnete Sabine Waschke r\u00fcckst\u00e4ndig, weil sie keine Antworten auf die Herausforderungen der modernen Gesellschaft gibt. Es geht den beiden SPD-Politikern nicht darum, dem jeweiligen Zeitgeist das Wort zu reden, sondern sich mit den gesellschaftlichen Realit\u00e4ten zu befassen. So wollen sie es &hellip;<\/p>\n<\/div>","protected":false},"author":1,"featured_media":0,"comment_status":"closed","ping_status":"closed","sticky":false,"template":"","format":"standard","meta":{"footnotes":""},"categories":[1,29],"tags":[],"class_list":["post-101258","post","type-post","status-publish","format-standard","hentry","category-startseite","category-politik"],"_links":{"self":[{"href":"https:\/\/www.fuldaernachrichten.de\/index.php?rest_route=\/wp\/v2\/posts\/101258","targetHints":{"allow":["GET"]}}],"collection":[{"href":"https:\/\/www.fuldaernachrichten.de\/index.php?rest_route=\/wp\/v2\/posts"}],"about":[{"href":"https:\/\/www.fuldaernachrichten.de\/index.php?rest_route=\/wp\/v2\/types\/post"}],"author":[{"embeddable":true,"href":"https:\/\/www.fuldaernachrichten.de\/index.php?rest_route=\/wp\/v2\/users\/1"}],"replies":[{"embeddable":true,"href":"https:\/\/www.fuldaernachrichten.de\/index.php?rest_route=%2Fwp%2Fv2%2Fcomments&post=101258"}],"version-history":[{"count":0,"href":"https:\/\/www.fuldaernachrichten.de\/index.php?rest_route=\/wp\/v2\/posts\/101258\/revisions"}],"wp:attachment":[{"href":"https:\/\/www.fuldaernachrichten.de\/index.php?rest_route=%2Fwp%2Fv2%2Fmedia&parent=101258"}],"wp:term":[{"taxonomy":"category","embeddable":true,"href":"https:\/\/www.fuldaernachrichten.de\/index.php?rest_route=%2Fwp%2Fv2%2Fcategories&post=101258"},{"taxonomy":"post_tag","embeddable":true,"href":"https:\/\/www.fuldaernachrichten.de\/index.php?rest_route=%2Fwp%2Fv2%2Ftags&post=101258"}],"curies":[{"name":"wp","href":"https:\/\/api.w.org\/{rel}","templated":true}]}}