{"id":101245,"date":"2012-08-25T00:12:07","date_gmt":"2012-08-25T00:12:07","guid":{"rendered":"http:\/\/www.fuldaer-nachrichten.de\/?p=101245"},"modified":"2012-08-25T07:31:04","modified_gmt":"2012-08-25T07:31:04","slug":"informationsabend-uber-adoption-und-pflegekind","status":"publish","type":"post","link":"https:\/\/www.fuldaernachrichten.de\/?p=101245","title":{"rendered":"Informationsabend \u00fcber Adoption und Pflegekind"},"content":{"rendered":"<p>H\u00fcnfeld.\u00c2\u00a0 F\u00fcr Paare, die sich mit dem Gedanken tragen, ein Kind zu adoptieren oder als Pflegekind aufzunehmen, findet am Donnerstag, 30. August, ein Informationsabend statt. Die gemeinsame Adoptionsvermittlungsstelle der Landkreis Fulda und Hersfeld und der Stadt Fulda sowie der gemeinsame Pflegekinderdienst des Landkreises und der Stadt Fulda laden alle Interessierten um 19:30 Uhr in den Pavillon des Bonifatiusklosters nach H\u00fcnfeld, Klosterstra\u00dfe 5, ein. Es besteht die M\u00f6glichkeit, sich unverbindlich \u00fcber die Themen Adoption und Pflegekind zu informieren. Eine Anmeldung ist bis zum 29. August unter Telefon 0661\/6006-9392, E-Mail <a href=\"mailto:adoption@landkreis-fulda.de\">adoption@landkreis-fulda.de<\/a>, oder Telefon 0661\/102-3133, E-Mail <a href=\"mailto:pflegekinderdienst@fulda.de\">pflegekinderdienst@fulda.de<\/a>, ist erforderlich.<\/p>\n","protected":false},"excerpt":{"rendered":"<div class=\"tmnf_excerpt\"><p>H\u00fcnfeld.\u00c2\u00a0 F\u00fcr Paare, die sich mit dem Gedanken tragen, ein Kind zu adoptieren oder als Pflegekind aufzunehmen, findet am Donnerstag, 30. August, ein Informationsabend statt. Die gemeinsame Adoptionsvermittlungsstelle der Landkreis Fulda und Hersfeld und der Stadt Fulda sowie der gemeinsame Pflegekinderdienst des Landkreises und der Stadt Fulda laden alle Interessierten um 19:30 Uhr in den &hellip;<\/p>\n<\/div>","protected":false},"author":1,"featured_media":0,"comment_status":"closed","ping_status":"closed","sticky":false,"template":"","format":"standard","meta":{"footnotes":""},"categories":[1,72],"tags":[],"class_list":["post-101245","post","type-post","status-publish","format-standard","hentry","category-startseite","category-jugend"],"_links":{"self":[{"href":"https:\/\/www.fuldaernachrichten.de\/index.php?rest_route=\/wp\/v2\/posts\/101245","targetHints":{"allow":["GET"]}}],"collection":[{"href":"https:\/\/www.fuldaernachrichten.de\/index.php?rest_route=\/wp\/v2\/posts"}],"about":[{"href":"https:\/\/www.fuldaernachrichten.de\/index.php?rest_route=\/wp\/v2\/types\/post"}],"author":[{"embeddable":true,"href":"https:\/\/www.fuldaernachrichten.de\/index.php?rest_route=\/wp\/v2\/users\/1"}],"replies":[{"embeddable":true,"href":"https:\/\/www.fuldaernachrichten.de\/index.php?rest_route=%2Fwp%2Fv2%2Fcomments&post=101245"}],"version-history":[{"count":0,"href":"https:\/\/www.fuldaernachrichten.de\/index.php?rest_route=\/wp\/v2\/posts\/101245\/revisions"}],"wp:attachment":[{"href":"https:\/\/www.fuldaernachrichten.de\/index.php?rest_route=%2Fwp%2Fv2%2Fmedia&parent=101245"}],"wp:term":[{"taxonomy":"category","embeddable":true,"href":"https:\/\/www.fuldaernachrichten.de\/index.php?rest_route=%2Fwp%2Fv2%2Fcategories&post=101245"},{"taxonomy":"post_tag","embeddable":true,"href":"https:\/\/www.fuldaernachrichten.de\/index.php?rest_route=%2Fwp%2Fv2%2Ftags&post=101245"}],"curies":[{"name":"wp","href":"https:\/\/api.w.org\/{rel}","templated":true}]}}