{"id":101238,"date":"2012-08-24T07:29:41","date_gmt":"2012-08-24T07:29:41","guid":{"rendered":"http:\/\/www.fuldaer-nachrichten.de\/?p=101238"},"modified":"2012-08-24T07:32:50","modified_gmt":"2012-08-24T07:32:50","slug":"morgen-von-10-00-16-00-uhr-tag-der-offenen-tur-im-herz-jesu-krankenhaus","status":"publish","type":"post","link":"https:\/\/www.fuldaernachrichten.de\/?p=101238","title":{"rendered":"Morgen von 10.00 \u2013 16.00 Uhr Tag der offenen T\u00fcr im Herz-Jesu-Krankenhaus"},"content":{"rendered":"<p><strong><a href=\"http:\/\/www.fuldaer-nachrichten.de\/wp-content\/uploads\/2012\/08\/HJK-2012.jpg\"><img decoding=\"async\" class=\"alignleft size-thumbnail wp-image-101239\" title=\"HJK 2012\" src=\"http:\/\/www.fuldaer-nachrichten.de\/wp-content\/uploads\/2012\/08\/HJK-2012-265x176.jpg\" alt=\"\" width=\"265\" height=\"176\" srcset=\"https:\/\/www.fuldaernachrichten.de\/wp-content\/uploads\/2012\/08\/HJK-2012-265x176.jpg 265w, https:\/\/www.fuldaernachrichten.de\/wp-content\/uploads\/2012\/08\/HJK-2012.jpg 600w\" sizes=\"(max-width: 265px) 100vw, 265px\" \/><\/a>Fulda.<\/strong> Im diesj\u00e4hrigen Jubil\u00e4umsjahr 2012 veranstaltet das Herz-Jesu-Krankenhaus Fulda am morgigen Samstag, 25. August, zwischen 10.00 und 16.00 Uhr einen Tag der offenen T\u00fcr. Interessierte aller Altersgruppen werden neben einem bunten Rahmenprogramm \u00fcber die Entwicklungen des Krankenhauses in den letzten Jahren sowie \u00fcber das Leistungsangebot informiert und k\u00f6nnen bei diversen Aktionen selbst aktiv werden.<!--more--><\/p>\n<p>So werden z.B. Vortr\u00e4ge der Chef- und Ober\u00e4rzte zu interessanten Themen angeboten, nach denen die Referenten gern zum Gespr\u00e4ch zur Verf\u00fcgung stehen. Auf allen Etagen des HJK und auf dem Au\u00dfengel\u00e4nde sind Aktionen f\u00fcr jung und alt vorgesehen: Z. B. Was wird in einer Endoskopieabteilung gemacht? Wieviel Platz ist in einem Rettungshubschrauber? Wie sieht es in einem Rettungsfahrzeug aus? Wie sieht es in einem OP und in einem Krei\u00dfsaal aus? Was kann man auf einer R\u00f6ntgenaufnahme sehen? Wie f\u00fchlt es sich an, wenn durch ein \u201eSchl\u00fcsselloch\u201c operiert wird, wenn ein Knochen durchges\u00e4gt wird und wie schwer ist eine Knie- oder H\u00fcftprothese? Wie wird ein Gipsarm gemacht? Was ist ein H\u00f6rscreening bei einem Neugeborenen? \u00e2\u20ac\u00a6 und vieles mehr. Wer sich aktiv beteiligen m\u00f6chte, kann verschiedene Schnupperkursangebote wahrnehmen und l\u00e4sst sich selbst checken. Die Werte, u.a. der Wert einer Handkraft- oder Fu\u00dfdruckmessung, werden im Gesundheitspass eingetragen, mit dem man an einer Verlosung mit attraktiven Preisen im Jubil\u00e4umsjahr teilnehmen kann.<\/p>\n<p>Der Tag der offenen T\u00fcr beschr\u00e4nkt sich nicht nur auf das Herz-Jesu-Krankenhaus selbst, sondern stellt auch die geriatrische Tagesklinik im Zentrum Vital gegen\u00fcber dem HJK mit seinem Therapiekonzept vor. Neben fachlichen Aktionen und Informationen wird es ein buntes Rahmenprogramm wie die Percussion-Gruppe der Musikschule Fulda, eine Magic Show, eine Vorf\u00fchrung des Europameisters 2012 der \u201eHolodeck Skillz, die M\u00f6glichkeit zum Kinderschminken, Bastelm\u00f6glichkeiten und noch mehr \u00dcberraschungen geben. F\u00fcr das leibliche Wohl aller ist gesorgt.<\/p>\n","protected":false},"excerpt":{"rendered":"<div class=\"tmnf_excerpt\"><p>Fulda. Im diesj\u00e4hrigen Jubil\u00e4umsjahr 2012 veranstaltet das Herz-Jesu-Krankenhaus Fulda am morgigen Samstag, 25. August, zwischen 10.00 und 16.00 Uhr einen Tag der offenen T\u00fcr. Interessierte aller Altersgruppen werden neben einem bunten Rahmenprogramm \u00fcber die Entwicklungen des Krankenhauses in den letzten Jahren sowie \u00fcber das Leistungsangebot informiert und k\u00f6nnen bei diversen Aktionen selbst aktiv werden.<\/p>\n<\/div>","protected":false},"author":1,"featured_media":0,"comment_status":"closed","ping_status":"closed","sticky":false,"template":"","format":"standard","meta":{"footnotes":""},"categories":[1,51],"tags":[],"class_list":["post-101238","post","type-post","status-publish","format-standard","hentry","category-startseite","category-medizin"],"_links":{"self":[{"href":"https:\/\/www.fuldaernachrichten.de\/index.php?rest_route=\/wp\/v2\/posts\/101238","targetHints":{"allow":["GET"]}}],"collection":[{"href":"https:\/\/www.fuldaernachrichten.de\/index.php?rest_route=\/wp\/v2\/posts"}],"about":[{"href":"https:\/\/www.fuldaernachrichten.de\/index.php?rest_route=\/wp\/v2\/types\/post"}],"author":[{"embeddable":true,"href":"https:\/\/www.fuldaernachrichten.de\/index.php?rest_route=\/wp\/v2\/users\/1"}],"replies":[{"embeddable":true,"href":"https:\/\/www.fuldaernachrichten.de\/index.php?rest_route=%2Fwp%2Fv2%2Fcomments&post=101238"}],"version-history":[{"count":1,"href":"https:\/\/www.fuldaernachrichten.de\/index.php?rest_route=\/wp\/v2\/posts\/101238\/revisions"}],"predecessor-version":[{"id":101240,"href":"https:\/\/www.fuldaernachrichten.de\/index.php?rest_route=\/wp\/v2\/posts\/101238\/revisions\/101240"}],"wp:attachment":[{"href":"https:\/\/www.fuldaernachrichten.de\/index.php?rest_route=%2Fwp%2Fv2%2Fmedia&parent=101238"}],"wp:term":[{"taxonomy":"category","embeddable":true,"href":"https:\/\/www.fuldaernachrichten.de\/index.php?rest_route=%2Fwp%2Fv2%2Fcategories&post=101238"},{"taxonomy":"post_tag","embeddable":true,"href":"https:\/\/www.fuldaernachrichten.de\/index.php?rest_route=%2Fwp%2Fv2%2Ftags&post=101238"}],"curies":[{"name":"wp","href":"https:\/\/api.w.org\/{rel}","templated":true}]}}