{"id":101236,"date":"2012-08-24T00:13:37","date_gmt":"2012-08-24T00:13:37","guid":{"rendered":"http:\/\/www.fuldaer-nachrichten.de\/?p=101236"},"modified":"2012-08-24T07:28:52","modified_gmt":"2012-08-24T07:28:52","slug":"forderverein-zukunft-bauen-lud-zur-jahresmitgliederversammlung","status":"publish","type":"post","link":"https:\/\/www.fuldaernachrichten.de\/?p=101236","title":{"rendered":"F\u00f6rderverein \u201eZukunft bauen\u201c lud zur Jahresmitgliederversammlung"},"content":{"rendered":"<p><a href=\"http:\/\/www.fuldaer-nachrichten.de\/wp-content\/uploads\/2012\/08\/Vorstand.jpg\"><img decoding=\"async\" class=\"alignleft size-thumbnail wp-image-101237\" title=\"Vorstand\" src=\"http:\/\/www.fuldaer-nachrichten.de\/wp-content\/uploads\/2012\/08\/Vorstand-265x142.jpg\" alt=\"\" width=\"265\" height=\"142\" srcset=\"https:\/\/www.fuldaernachrichten.de\/wp-content\/uploads\/2012\/08\/Vorstand-265x142.jpg 265w, https:\/\/www.fuldaernachrichten.de\/wp-content\/uploads\/2012\/08\/Vorstand.jpg 600w\" sizes=\"(max-width: 265px) 100vw, 265px\" \/><\/a>Fulda. Der F\u00f6rderverein \u201eZukunft bauen\u201c der evangelischen Kreuzkirche wird kreativ. Um weitere Spenden f\u00fcr den Erweiterungsbau zu sammeln, widmet man sich jetzt der Zauberei &#8211; k\u00f6nnte man meinen. Pfarrer Stefan B\u00fcrger stellte im Rahmen der j\u00e4hrlichen Mitgliederversammlung k\u00fcrzlich eine Benefizreihe mit Andreas Wahler und Freunden am 29.\/30. September vor. Geld k\u00f6nne man zwar nicht zaubern, aber durch den Besuch der Veranstaltungen w\u00fcrden sowohl der Kreuzkirche als auch der Pestalozzischule geholfen, ihre jeweiligen Projekte zu verwirklich: \u201eGemeinsam sind wir stark\u201c, stellte der Pfarrer das gemeinsame Event der F\u00f6rdervereine der Pestalozzischule und der Kreuzkirche mit dem Titel \u201eZauberhafte Nachbarschaft\u201c vor.<!--more--><br \/>\n1. Vorsitzender Peter M\u00fcller und Kassenwartin Ingrid Steinmetz hatten in den R\u00e4umen der \u201eFreien evangelischen Gemeinde\u201c an der Fulda-Galerie der Versammlung zuvor Zahlen und Fakten pr\u00e4sentiert. 106 Mitglieder hat der zwei Jahre bestehende F\u00f6rderverein bereits. Dadurch und durch weitere Dauerspender kann der Verein j\u00e4hrlich rund 15.000 \u00e2\u201a\u00ac zur Darlehenstilgung an die Kreuzkirche \u00fcberweisen, sowie schon mehrfach und zuk\u00fcnftig extra Schecks aus Aktionen oder von Firmenspenden.<\/p>\n<p>Bei der Versammlung stand auch die Wahl des Vorstands an. Zum f\u00fcnfk\u00f6pfigen Team kam Jan-Peter Otto aus Neuenberg neu hinzu, der zuk\u00fcnftig 2. Vorsitzender ist. \u201eWir sind auf einem guten Weg, aber noch nicht am Ziel\u201c erkl\u00e4rte B\u00fcrger, der Beisitzer im Vorstand ist, \u201ejedes neues Mitglied und jede Spende hilft uns das Darlehen schneller abzutragen.\u201c Nat\u00fcrlich werde automatische j\u00e4hrlich eine Spendenbescheinigung erstellt. Zaubern n\u00e4mlich &#8211; das will man Andreas Wahler und Freunden Ende September \u00fcberlassen.<\/p>\n<p><strong>Die Bankverbindung des F\u00f6rdervereins:<\/strong><br \/>\n\u201eZukunft bauen\u201c F\u00f6rderverein der Kreuzkirche Fulda e.V,<br \/>\nRaiffeisenbank Gro\u00dfenl\u00fcder, BLZ 53062035, Kto. 5755441.<\/p>\n<p>F\u00f6rdervereinsantr\u00e4ge findet man im Internet:<br \/>\n<a href=\"http:\/\/kreuzkirche-fulda.de\/cms\/media\/archive1\/20101121aufnahme-einzelperson.pdf\" target=\"_blank\">http:\/\/kreuzkirche-fulda.de\/cms\/media\/archive1\/20101121aufnahme-einzelperson.pdf<\/a><\/p>\n<p>1. Vorsitzender\u00c2\u00a0\u00c2\u00a0\u00c2\u00a0\u00c2\u00a0\u00c2\u00a0\u00c2\u00a0\u00c2\u00a0 Peter M\u00fcller<br \/>\n2. Vorsitzender\u00c2\u00a0\u00c2\u00a0\u00c2\u00a0\u00c2\u00a0\u00c2\u00a0\u00c2\u00a0\u00c2\u00a0 Jan-Peter Otto<br \/>\nKassenwartin Ingrid Steinmetz<br \/>\nSchriftf\u00fchrer\u00c2\u00a0\u00c2\u00a0\u00c2\u00a0\u00c2\u00a0\u00c2\u00a0\u00c2\u00a0\u00c2\u00a0\u00c2\u00a0\u00c2\u00a0\u00c2\u00a0\u00c2\u00a0 J\u00fcrgen Grosch<br \/>\nBeisitzer\u00c2\u00a0\u00c2\u00a0\u00c2\u00a0\u00c2\u00a0\u00c2\u00a0\u00c2\u00a0\u00c2\u00a0\u00c2\u00a0\u00c2\u00a0\u00c2\u00a0\u00c2\u00a0\u00c2\u00a0\u00c2\u00a0\u00c2\u00a0\u00c2\u00a0\u00c2\u00a0 Stefan B\u00fcrger<\/p>\n<p>Foto (Edda Steinmetz): v.l. der neue Vorstand des F\u00f6rdervereins \u201eZukunft bauen\u201c der evangelischen Kreuzkirche<br \/>\nJ\u00fcrgen Grosch, Peter M\u00fcller, Pfarrer Stefan B\u00fcrger, Ingrid Steinmetz und Jan-Peter Otto.<\/p>\n","protected":false},"excerpt":{"rendered":"<div class=\"tmnf_excerpt\"><p>Fulda. Der F\u00f6rderverein \u201eZukunft bauen\u201c der evangelischen Kreuzkirche wird kreativ. Um weitere Spenden f\u00fcr den Erweiterungsbau zu sammeln, widmet man sich jetzt der Zauberei &#8211; k\u00f6nnte man meinen. Pfarrer Stefan B\u00fcrger stellte im Rahmen der j\u00e4hrlichen Mitgliederversammlung k\u00fcrzlich eine Benefizreihe mit Andreas Wahler und Freunden am 29.\/30. September vor. Geld k\u00f6nne man zwar nicht zaubern, &hellip;<\/p>\n<\/div>","protected":false},"author":1,"featured_media":0,"comment_status":"closed","ping_status":"closed","sticky":false,"template":"","format":"standard","meta":{"footnotes":""},"categories":[1,50],"tags":[],"class_list":["post-101236","post","type-post","status-publish","format-standard","hentry","category-startseite","category-kirche"],"_links":{"self":[{"href":"https:\/\/www.fuldaernachrichten.de\/index.php?rest_route=\/wp\/v2\/posts\/101236","targetHints":{"allow":["GET"]}}],"collection":[{"href":"https:\/\/www.fuldaernachrichten.de\/index.php?rest_route=\/wp\/v2\/posts"}],"about":[{"href":"https:\/\/www.fuldaernachrichten.de\/index.php?rest_route=\/wp\/v2\/types\/post"}],"author":[{"embeddable":true,"href":"https:\/\/www.fuldaernachrichten.de\/index.php?rest_route=\/wp\/v2\/users\/1"}],"replies":[{"embeddable":true,"href":"https:\/\/www.fuldaernachrichten.de\/index.php?rest_route=%2Fwp%2Fv2%2Fcomments&post=101236"}],"version-history":[{"count":0,"href":"https:\/\/www.fuldaernachrichten.de\/index.php?rest_route=\/wp\/v2\/posts\/101236\/revisions"}],"wp:attachment":[{"href":"https:\/\/www.fuldaernachrichten.de\/index.php?rest_route=%2Fwp%2Fv2%2Fmedia&parent=101236"}],"wp:term":[{"taxonomy":"category","embeddable":true,"href":"https:\/\/www.fuldaernachrichten.de\/index.php?rest_route=%2Fwp%2Fv2%2Fcategories&post=101236"},{"taxonomy":"post_tag","embeddable":true,"href":"https:\/\/www.fuldaernachrichten.de\/index.php?rest_route=%2Fwp%2Fv2%2Ftags&post=101236"}],"curies":[{"name":"wp","href":"https:\/\/api.w.org\/{rel}","templated":true}]}}