{"id":101234,"date":"2012-08-24T00:11:48","date_gmt":"2012-08-24T00:11:48","guid":{"rendered":"http:\/\/www.fuldaer-nachrichten.de\/?p=101234"},"modified":"2012-08-24T07:26:31","modified_gmt":"2012-08-24T07:26:31","slug":"40-jahre-bonhoefferhaus-fulda-propst-bernd-bottner-feiert-mit-auf-okumenischem-sommerfest-in-fulda-ziehers-nord","status":"publish","type":"post","link":"https:\/\/www.fuldaernachrichten.de\/?p=101234","title":{"rendered":"40 Jahre Bonhoefferhaus Fulda: Propst Bernd B\u00f6ttner feiert mit auf \u00f6kumenischem Sommerfest in Fulda Ziehers-Nord"},"content":{"rendered":"<p><a href=\"http:\/\/www.fuldaer-nachrichten.de\/wp-content\/uploads\/2012\/08\/Lange_197.jpg\"><img fetchpriority=\"high\" decoding=\"async\" class=\"alignleft size-thumbnail wp-image-101235\" title=\"Lange_197\" src=\"http:\/\/www.fuldaer-nachrichten.de\/wp-content\/uploads\/2012\/08\/Lange_197-265x382.jpg\" alt=\"\" width=\"265\" height=\"382\" srcset=\"https:\/\/www.fuldaernachrichten.de\/wp-content\/uploads\/2012\/08\/Lange_197-265x382.jpg 265w, https:\/\/www.fuldaernachrichten.de\/wp-content\/uploads\/2012\/08\/Lange_197-183x265.jpg 183w, https:\/\/www.fuldaernachrichten.de\/wp-content\/uploads\/2012\/08\/Lange_197-415x600.jpg 415w, https:\/\/www.fuldaernachrichten.de\/wp-content\/uploads\/2012\/08\/Lange_197.jpg 600w\" sizes=\"(max-width: 265px) 100vw, 265px\" \/><\/a>Fulda. Ein Jubil\u00e4um hat an diesem\u00c2\u00a0 Wochenende die Bonhoeffer-Gemeinde Fulda zu feiern. Vor 40 Jahren wurde das Bonhoeffer-Haus feierlich eingeweiht. Von Anfang an bestanden gute \u00f6kumenische Verbindungen zur katholischen Nachbargemeinde St. Paulus. \u201eWir sind im Stadtteil Ziehers-Nord \u00f6kumenisch ausgerichtet\u201c, so Pfarrer Marvin Lange (Foto), \u201eund daher wollen wir unser Jubil\u00e4um unbedingt nach au\u00dfen tragen \u2013 zu allen Menschen, die im Stadtteil und dar\u00fcber hinaus wohnen, egal ob evangelisch, katholisch oder auch ohne Religion.\u201c Den Auftakt zum gro\u00dfen Fest begeht Lange am Samstagabend um 18.00 Uhr mit seinem katholischen Kollegen Pfarrer Jan Kremer im Bonhoeffer-Haus mit einem \u00f6kumenischen Gottesdienst, danach wird gegrillt. Am n\u00e4chsten Morgen um 10.00 Uhr wird den Fest- und Kirchweihgottesdienst\u00c2\u00a0 Propst Bernd B\u00f6ttner aus Hanau gemeinsam mit der Bonhoeffer-Gemeinde feiern. <!--more--><\/p>\n<p>\u201eEs ist wirklich etwas besonderes, den Propst hier in Fulda zu haben, immerhin ist das der Regionalbischof der Kirchenkreise Fulda, Schl\u00fcchtern, Gelnhausen und Hanau. Dar\u00fcber freuen wir uns sehr!\u201c so Lange weiter. Der gesellige Teil des Jubil\u00e4ums wird dann auf dem Fest und wieder im Schulterschluss mit der katholischen Kirchengemeinde St. Paulus ab 11.30 Uhr als EKG-Sommerfest auf dem Platz der Wei\u00dfen Rose gefeiert. Seit 48 Jahren ist die EKG, die \u201eEvangelisch-katholische Gemeinschaft Ziehers-Nord\u201c eine tragende S\u00e4ule \u00f6kumenischer Arbeit im Stadtteil.<\/p>\n<p>Als vor 40 Jahren das Bonhoeffer-Haus von Gr\u00fcnderpfarrer Martin Slenczka eingeweiht wurde, war das Gemeindezentrum eine Mustergemeinde inmitten eines Neubaugebietes. Heute versteht sich die Bonhoeffer-Gemeinde als offene Kirche f\u00fcr alle Menschen \u00fcber die Grenzen der Kirchengemeinde hinaus. Insbesondere die Arbeit mit Kindern und Jugendarbeit sind zur Zeit Hauptmerkmale der Bonhoeffergemeinde. \u00dcbrigens: Auch die Ortsteile Lehnerz, Dietershan, Bernhards, Marbach und\u00c2\u00a0 Teile von Petersberg geh\u00f6ren zur Bonhoeffergemeinde.<\/p>\n","protected":false},"excerpt":{"rendered":"<div class=\"tmnf_excerpt\"><p>Fulda. Ein Jubil\u00e4um hat an diesem\u00c2\u00a0 Wochenende die Bonhoeffer-Gemeinde Fulda zu feiern. Vor 40 Jahren wurde das Bonhoeffer-Haus feierlich eingeweiht. Von Anfang an bestanden gute \u00f6kumenische Verbindungen zur katholischen Nachbargemeinde St. Paulus. \u201eWir sind im Stadtteil Ziehers-Nord \u00f6kumenisch ausgerichtet\u201c, so Pfarrer Marvin Lange (Foto), \u201eund daher wollen wir unser Jubil\u00e4um unbedingt nach au\u00dfen tragen \u2013 &hellip;<\/p>\n<\/div>","protected":false},"author":1,"featured_media":0,"comment_status":"closed","ping_status":"closed","sticky":false,"template":"","format":"standard","meta":{"footnotes":""},"categories":[1,50],"tags":[],"class_list":["post-101234","post","type-post","status-publish","format-standard","hentry","category-startseite","category-kirche"],"_links":{"self":[{"href":"https:\/\/www.fuldaernachrichten.de\/index.php?rest_route=\/wp\/v2\/posts\/101234","targetHints":{"allow":["GET"]}}],"collection":[{"href":"https:\/\/www.fuldaernachrichten.de\/index.php?rest_route=\/wp\/v2\/posts"}],"about":[{"href":"https:\/\/www.fuldaernachrichten.de\/index.php?rest_route=\/wp\/v2\/types\/post"}],"author":[{"embeddable":true,"href":"https:\/\/www.fuldaernachrichten.de\/index.php?rest_route=\/wp\/v2\/users\/1"}],"replies":[{"embeddable":true,"href":"https:\/\/www.fuldaernachrichten.de\/index.php?rest_route=%2Fwp%2Fv2%2Fcomments&post=101234"}],"version-history":[{"count":0,"href":"https:\/\/www.fuldaernachrichten.de\/index.php?rest_route=\/wp\/v2\/posts\/101234\/revisions"}],"wp:attachment":[{"href":"https:\/\/www.fuldaernachrichten.de\/index.php?rest_route=%2Fwp%2Fv2%2Fmedia&parent=101234"}],"wp:term":[{"taxonomy":"category","embeddable":true,"href":"https:\/\/www.fuldaernachrichten.de\/index.php?rest_route=%2Fwp%2Fv2%2Fcategories&post=101234"},{"taxonomy":"post_tag","embeddable":true,"href":"https:\/\/www.fuldaernachrichten.de\/index.php?rest_route=%2Fwp%2Fv2%2Ftags&post=101234"}],"curies":[{"name":"wp","href":"https:\/\/api.w.org\/{rel}","templated":true}]}}