{"id":101231,"date":"2012-08-24T00:09:52","date_gmt":"2012-08-24T00:09:52","guid":{"rendered":"http:\/\/www.fuldaer-nachrichten.de\/?p=101231"},"modified":"2012-08-23T14:16:22","modified_gmt":"2012-08-23T14:16:22","slug":"9-monate-freiwilligendienst-in-uganda-funfter-fsmda-jahrgang-bereitet-sich-auf-seinen-dienst-im-bistum-hoima-vor","status":"publish","type":"post","link":"https:\/\/www.fuldaernachrichten.de\/?p=101231","title":{"rendered":"9 Monate Freiwilligendienst in Uganda \u2013 F\u00fcnfter FSMDA-Jahrgang bereitet sich auf seinen Dienst im Bistum Hoima vor"},"content":{"rendered":"<p><a href=\"http:\/\/www.fuldaer-nachrichten.de\/wp-content\/uploads\/2012\/08\/DSC05539.jpg\"><img fetchpriority=\"high\" decoding=\"async\" class=\"alignnone size-full wp-image-101233\" title=\"DSC05539\" src=\"http:\/\/www.fuldaer-nachrichten.de\/wp-content\/uploads\/2012\/08\/DSC05539.jpg\" alt=\"\" width=\"592\" height=\"444\" srcset=\"https:\/\/www.fuldaernachrichten.de\/wp-content\/uploads\/2012\/08\/DSC05539.jpg 592w, https:\/\/www.fuldaernachrichten.de\/wp-content\/uploads\/2012\/08\/DSC05539-265x198.jpg 265w\" sizes=\"(max-width: 592px) 100vw, 592px\" \/><\/a><\/p>\n<p>Fulda. \u201eZur\u00fcck in Deutschland hat mich der Stress den wir hier haben richtig \u00fcberrollt, manchmal \u00c2\u00a0habe ich sogar etwas Heimweh nach meiner zweiten Heimat, der Pfarrei Kahunde in Uganda\u201c, berichtet Linda Auth (20) aus Dipperz, eine der 10 Ehemaligen, die das letzte Vorbereitungsseminar f\u00fcr den neuen FSMDA-Jahrgang (Freiwilliger Sozialer und Missionarischer Dienst im Ausland) im Partnerbistum Hoima, in Uganda, ma\u00dfgeblich gestaltet haben.<!--more--><\/p>\n<p>Neben einer Packliste und einer kleinen Vokabelliste zur Einf\u00fchrung in die Stammessprache Runjoro, erl\u00e4uterten die \u201eAlten\u201c den \u201eNeuen\u201c anhand von Anspielen, Fotos und Videoclips das Leben in Uganda, in Pfarrei-, Familien- und Arbeitssituationen. Auch wurde sich offen \u00fcber \u201emein Dienst &#8211; zwischen Erwartung und Realit\u00e4t\u201c ausgetauscht.<\/p>\n<p>Der Di\u00f6zesandirektor f\u00fcr die Missionswerke, Apostolischer Protonotar Pr\u00e4lat Dr. Lucian Lamza meinte nach den Ausf\u00fchrungen der R\u00fcckkehrer: \u201eEs erfreut mich, wie offen unsere jungen Erwachsene ihre verschiedensten Erfahrungen schildern, gerade auch f\u00fcr ihr Leben als Christen.\u201c<\/p>\n<p><a href=\"http:\/\/www.fuldaer-nachrichten.de\/wp-content\/uploads\/2012\/08\/DSC05538.jpg\"><img decoding=\"async\" class=\"alignleft size-thumbnail wp-image-101232\" title=\"DSC05538\" src=\"http:\/\/www.fuldaer-nachrichten.de\/wp-content\/uploads\/2012\/08\/DSC05538-265x353.jpg\" alt=\"\" width=\"265\" height=\"353\" srcset=\"https:\/\/www.fuldaernachrichten.de\/wp-content\/uploads\/2012\/08\/DSC05538-265x353.jpg 265w, https:\/\/www.fuldaernachrichten.de\/wp-content\/uploads\/2012\/08\/DSC05538-198x265.jpg 198w, https:\/\/www.fuldaernachrichten.de\/wp-content\/uploads\/2012\/08\/DSC05538.jpg 399w\" sizes=\"(max-width: 265px) 100vw, 265px\" \/><\/a>\u201eNeben der Dynamik und Bandbreite dieses Dienstes in unserem Bistum begeistert uns besonders die pers\u00f6nliche Entwicklung der Freiwilligen w\u00e4hrend der sehr intensiven Zeit der Vorbereitung, Durchf\u00fchrung und Nachbereitung des FSMDA von insgesamt fast 2 Jahren mit zu erleben und zu begleiten.\u201c, so die Verantwortlichen vom Seelsorgeamt, Sturmius Schneider, Missio-Referent und Thomas Bretz, Referent f\u00fcr Neuevangelisierung.<\/p>\n<p>Dem \u201ealten\u201c FSMDA Jahrgang, f\u00fcr den es gleichzeitig der letzte Nachbereitungskurs ihres Freiwilligendienstes war, gab Pfr. i. R. Eugen Kutzka aus H\u00fcnfeld, der sich u.a. auch f\u00fcr den FSMDA engagiert, bei der gemeinsamen Messe im Sch\u00f6nstattzentrum, in Dietershausen mit auf den Weg: \u201eSeid Zeugen von dem, was euch in den vergangenen Monaten in eurem pers\u00f6nlichen Glauben gest\u00e4rkt hat.\u201c Pfr. Deogratias Serunjogi aus Eichenzell-B\u00fcchenberg bedankte sich sehr f\u00fcr den hingabevollen Einsatz der Freiwilligen f\u00fcr die Menschen in seinem Heimatbistum.<\/p>\n<p>\u201eEs war gut von den Erfahrungen der R\u00fcckkehrer zu h\u00f6ren, doch m\u00f6chte ich jetzt am liebsten gleich los, um meine eigenen Erfahrungen in Uganda zu machen\u201c sagt Jonathan Weber aus Kassel.<\/p>\n<p>Die Aussendungsmesse mit Weihbischof Diez findet am Montag, 03. September um 14.30 Uhr in der Klosterkirche in H\u00fcnfeld statt. Herzliche Einladung an alle Interessierte dieses Freiwilligendienstes.<\/p>\n<p><strong><span style=\"text-decoration: underline;\">Kontakt:<\/span><\/strong><\/p>\n<p>Interessenten f\u00fcr den \u201eFSMDA-Jahrgang 2013\/14\u201c wenden sich an Sturmius Schneider vom Referat Mission, Entwicklung und Frieden, Tel. 0661\/87-363, <a href=\"mailto:missio@bistum-fulda.de\">missio@bistum-fulda.de<\/a> bzw. an Thomas Bretz vom Referat Neuevangelisierung, Tel. 0661\/87-364, <a href=\"mailto:thomas.bretz@bistum-fulda.de\">thomas.bretz@bistum-fulda.de<\/a><\/p>\n","protected":false},"excerpt":{"rendered":"<div class=\"tmnf_excerpt\"><p>Fulda. \u201eZur\u00fcck in Deutschland hat mich der Stress den wir hier haben richtig \u00fcberrollt, manchmal \u00c2\u00a0habe ich sogar etwas Heimweh nach meiner zweiten Heimat, der Pfarrei Kahunde in Uganda\u201c, berichtet Linda Auth (20) aus Dipperz, eine der 10 Ehemaligen, die das letzte Vorbereitungsseminar f\u00fcr den neuen FSMDA-Jahrgang (Freiwilliger Sozialer und Missionarischer Dienst im Ausland) im &hellip;<\/p>\n<\/div>","protected":false},"author":1,"featured_media":0,"comment_status":"closed","ping_status":"closed","sticky":false,"template":"","format":"standard","meta":{"footnotes":""},"categories":[1,50,78],"tags":[],"class_list":["post-101231","post","type-post","status-publish","format-standard","hentry","category-startseite","category-kirche","category-topthema"],"_links":{"self":[{"href":"https:\/\/www.fuldaernachrichten.de\/index.php?rest_route=\/wp\/v2\/posts\/101231","targetHints":{"allow":["GET"]}}],"collection":[{"href":"https:\/\/www.fuldaernachrichten.de\/index.php?rest_route=\/wp\/v2\/posts"}],"about":[{"href":"https:\/\/www.fuldaernachrichten.de\/index.php?rest_route=\/wp\/v2\/types\/post"}],"author":[{"embeddable":true,"href":"https:\/\/www.fuldaernachrichten.de\/index.php?rest_route=\/wp\/v2\/users\/1"}],"replies":[{"embeddable":true,"href":"https:\/\/www.fuldaernachrichten.de\/index.php?rest_route=%2Fwp%2Fv2%2Fcomments&post=101231"}],"version-history":[{"count":0,"href":"https:\/\/www.fuldaernachrichten.de\/index.php?rest_route=\/wp\/v2\/posts\/101231\/revisions"}],"wp:attachment":[{"href":"https:\/\/www.fuldaernachrichten.de\/index.php?rest_route=%2Fwp%2Fv2%2Fmedia&parent=101231"}],"wp:term":[{"taxonomy":"category","embeddable":true,"href":"https:\/\/www.fuldaernachrichten.de\/index.php?rest_route=%2Fwp%2Fv2%2Fcategories&post=101231"},{"taxonomy":"post_tag","embeddable":true,"href":"https:\/\/www.fuldaernachrichten.de\/index.php?rest_route=%2Fwp%2Fv2%2Ftags&post=101231"}],"curies":[{"name":"wp","href":"https:\/\/api.w.org\/{rel}","templated":true}]}}