{"id":101230,"date":"2012-08-24T00:10:55","date_gmt":"2012-08-24T00:10:55","guid":{"rendered":"http:\/\/www.fuldaer-nachrichten.de\/?p=101230"},"modified":"2012-08-23T14:12:32","modified_gmt":"2012-08-23T14:12:32","slug":"ein-abstecher-von-der-irc-in-die-wrc-hermann-gassner-jun-startet-bei-der-rallye-deutschland","status":"publish","type":"post","link":"https:\/\/www.fuldaernachrichten.de\/?p=101230","title":{"rendered":"Ein Abstecher von der IRC in die WRC: Hermann Gassner jun. startet bei der Rallye Deutschland"},"content":{"rendered":"<p><strong><\/strong>Trier. Hermann Gassner jun. \/ Klaus Wicha (Red Bull Skoda Fabia S2000) konzentrieren sich in dieser Saison haupts\u00e4chlich auf die IRC, die Intercontinental Rally Challenge. Und auch in der Rallye Europameisterschaft gingen die beiden Deutschen heuer schon einmal an den Start \u2013 P2 bei der Rally Croatia, hinter dem SWRC Weltmeister Juho Haenninen (FIN).<!--more--><\/p>\n<p>Am kommenden Wochenende wartet mit dem WM-Lauf in Deutschland der absolute Saisonh\u00f6hepunkt\u00c2\u00a0 auf Gassner\/Wicha. Sie werden sich bei dieser selektiven Asphaltpr\u00fcfung im Raum Trier mit den Besten der SWRC messen, u.a. mit den Skoda-Werkspiloten S\u00e9bastien Ogier (FRA), Andreas Mikkelsen (NOR) und auch mit dem Deutschen Sepp Wiegand.<\/p>\n<p>Auf die insgesamt 71 Teams warten legend\u00e4re und anspruchsvolle Sonderpr\u00fcfungen \u2013 wie die ber\u00fchmte SP \u201ePanzerplatte\u201c, die engen und winkeligen Abschnitte in den Weinbergen, die Super SP \u201eCircus Maximus\u201c, und, und, und\u00e2\u20ac\u00a6..<\/p>\n<p>In der Gegend rund um Trier wird bereits zum 30. Mal gefahren und bereits zum 10. Mal wird diese Veranstaltung als WM-Lauf ausgetragen. Hermann Gassner f\u00e4hrt zum 5. Mal bei der Rallye Deutschland und freut sich bereits auf die insgesamt 15 Pr\u00fcfungen oder 368 Rallyekilometer:<\/p>\n<p>\u201eDiese Veranstaltung ist immer der H\u00f6hepunkt f\u00fcr mich, egal in welcher Klasse oder in welchem Auto ich hier gefahren bin. Es wird einmal mehr hier abzuwarten sein, welche Rolle das Wetter spielt. Sollte es tats\u00e4chlich regnen, dann werden zus\u00e4tzlich einige unbekannte Schwierigkeitsgrade hinzukommen, gerade hier bei den engen, winkeligen Asphaltstrecken, die bei Regen sofort stark verschmutzt und extrem t\u00fcckisch sind. Ich hoffe auf eine Rallye ohne gro\u00dfe Zwischenf\u00e4lle und Probleme und denke, dass wir gut vorbereitet sind.\u201c<\/p>\n<p>BRR-Teamchef Raimund Baumschlager: \u201eWir hatten zuletzt einen sehr guten Test in den Weinbergen in \u00d6sterreich, auf sehr \u00e4hnlichen Strecken. Hermann konnte sich zwei Tage lang gezielt auf die Aufgabe bei der Rallye Deutschland vorbereiten. Er wird dabei auf die Elite der SWRC treffen und muss sich diesem Vergleich stellen. Und ich denke, dass er diese Aufgabe sehr gut bew\u00e4ltigen wird.\u201c<\/p>\n","protected":false},"excerpt":{"rendered":"<div class=\"tmnf_excerpt\"><p>Trier. Hermann Gassner jun. \/ Klaus Wicha (Red Bull Skoda Fabia S2000) konzentrieren sich in dieser Saison haupts\u00e4chlich auf die IRC, die Intercontinental Rally Challenge. Und auch in der Rallye Europameisterschaft gingen die beiden Deutschen heuer schon einmal an den Start \u2013 P2 bei der Rally Croatia, hinter dem SWRC Weltmeister Juho Haenninen (FIN).<\/p>\n<\/div>","protected":false},"author":1,"featured_media":0,"comment_status":"closed","ping_status":"closed","sticky":false,"template":"","format":"standard","meta":{"footnotes":""},"categories":[1,35],"tags":[],"class_list":["post-101230","post","type-post","status-publish","format-standard","hentry","category-startseite","category-auto"],"_links":{"self":[{"href":"https:\/\/www.fuldaernachrichten.de\/index.php?rest_route=\/wp\/v2\/posts\/101230","targetHints":{"allow":["GET"]}}],"collection":[{"href":"https:\/\/www.fuldaernachrichten.de\/index.php?rest_route=\/wp\/v2\/posts"}],"about":[{"href":"https:\/\/www.fuldaernachrichten.de\/index.php?rest_route=\/wp\/v2\/types\/post"}],"author":[{"embeddable":true,"href":"https:\/\/www.fuldaernachrichten.de\/index.php?rest_route=\/wp\/v2\/users\/1"}],"replies":[{"embeddable":true,"href":"https:\/\/www.fuldaernachrichten.de\/index.php?rest_route=%2Fwp%2Fv2%2Fcomments&post=101230"}],"version-history":[{"count":0,"href":"https:\/\/www.fuldaernachrichten.de\/index.php?rest_route=\/wp\/v2\/posts\/101230\/revisions"}],"wp:attachment":[{"href":"https:\/\/www.fuldaernachrichten.de\/index.php?rest_route=%2Fwp%2Fv2%2Fmedia&parent=101230"}],"wp:term":[{"taxonomy":"category","embeddable":true,"href":"https:\/\/www.fuldaernachrichten.de\/index.php?rest_route=%2Fwp%2Fv2%2Fcategories&post=101230"},{"taxonomy":"post_tag","embeddable":true,"href":"https:\/\/www.fuldaernachrichten.de\/index.php?rest_route=%2Fwp%2Fv2%2Ftags&post=101230"}],"curies":[{"name":"wp","href":"https:\/\/api.w.org\/{rel}","templated":true}]}}